{"id":150545,"date":"2020-01-31T10:19:08","date_gmt":"2020-01-31T13:19:08","guid":{"rendered":"http:\/\/www.caririemacao.com\/1\/?p=150545"},"modified":"2020-01-31T10:19:09","modified_gmt":"2020-01-31T13:19:09","slug":"paraibana-torna-se-primeira-nordestina-a-vencer-o-miss-grand-brasil","status":"publish","type":"post","link":"https:\/\/www.caririemacao.com\/1\/2020\/01\/31\/paraibana-torna-se-primeira-nordestina-a-vencer-o-miss-grand-brasil\/","title":{"rendered":"Paraibana torna-se primeira nordestina a vencer o Miss Grand Brasil"},"content":{"rendered":"\n<p>A paraibana Lala Guedes, de 27 anos venceu na madrugada desta sexta-feira (31), a etapa brasileira do concurso Miss Grand International 2020. Lala \u00e9 a primeira nordestina a vencer o concurso.&nbsp;<\/p>\n\n\n\n<p>O concurso aconteceu em Bento Gon\u00e7alves, no Rio Grande do Sul e contou com 22 candidatas. Com a vit\u00f3ria a paraibana de Campina Grande, representa o Brasil na etapa internacional que acontece dia 25 de outubro de 2020, em Caracas.&nbsp;<\/p>\n\n\n\n<figure class=\"wp-block-image\"><img decoding=\"async\" data-src=\"https:\/\/www.clickpb.com.br\/media\/filer_public\/5e\/ae\/5eae6a60-5dda-4352-a82b-25c001df76eb\/miss_grand.jpg\" alt=\"\" src=\"data:image\/svg+xml;base64,PHN2ZyB3aWR0aD0iMSIgaGVpZ2h0PSIxIiB4bWxucz0iaHR0cDovL3d3dy53My5vcmcvMjAwMC9zdmciPjwvc3ZnPg==\" class=\"lazyload\" \/><\/figure>\n\n\n\n<p>Em segundo lugar na disputa ficou a Miss Esp\u00edrito Santo, Mylena Duarte, de 24 anos, e em terceiro a Miss Sergipe, Caroline Andrade, 23 anos.&nbsp;<\/p>\n\n\n\n<p>Ela foi coroada pela paulista Marjorie Marcelle, 25, que ficou em quinto lugar no internacional, no fim do ano passado.<br><\/p>\n\n\n\n<p>Lala Guedes \u00e9 estudante de Medicina e fala ingl\u00eas fluente. Ela fez curso de moda em Londres.&nbsp;<\/p>\n\n\n\n<p>O Miss Grand International \u00e9 um concurso relativamente recente, surgiu em 2013, mas que alcan\u00e7ou grande notoriedade em pouco tempo. Com alto investimento e produ\u00e7\u00f5es impec\u00e1veis, a competi\u00e7\u00e3o \u00e9 considerada uma das favoritas de miss\u00f3logos e f\u00e3s por ser mais din\u00e2mico e mesclar a import\u00e2ncia do apoio a projetos sociais sem deixar de lado o ritmo fashion e despojado.<\/p>\n","protected":false},"excerpt":{"rendered":"<p>A paraibana Lala Guedes, de 27 anos venceu na madrugada desta sexta-feira (31), a etapa brasileira do concurso Miss Grand International 2020. Lala \u00e9 a&hellip; <\/p>\n","protected":false},"author":1,"featured_media":150546,"comment_status":"closed","ping_status":"closed","sticky":false,"template":"","format":"standard","meta":{"sfsi_plus_gutenberg_text_before_share":"","sfsi_plus_gutenberg_show_text_before_share":"","sfsi_plus_gutenberg_icon_type":"","sfsi_plus_gutenberg_icon_alignemt":"","sfsi_plus_gutenburg_max_per_row":"","footnotes":""},"categories":[2],"tags":[],"class_list":["post-150545","post","type-post","status-publish","format-standard","has-post-thumbnail","hentry","category-geral"],"_links":{"self":[{"href":"https:\/\/www.caririemacao.com\/1\/wp-json\/wp\/v2\/posts\/150545","targetHints":{"allow":["GET"]}}],"collection":[{"href":"https:\/\/www.caririemacao.com\/1\/wp-json\/wp\/v2\/posts"}],"about":[{"href":"https:\/\/www.caririemacao.com\/1\/wp-json\/wp\/v2\/types\/post"}],"author":[{"embeddable":true,"href":"https:\/\/www.caririemacao.com\/1\/wp-json\/wp\/v2\/users\/1"}],"replies":[{"embeddable":true,"href":"https:\/\/www.caririemacao.com\/1\/wp-json\/wp\/v2\/comments?post=150545"}],"version-history":[{"count":1,"href":"https:\/\/www.caririemacao.com\/1\/wp-json\/wp\/v2\/posts\/150545\/revisions"}],"predecessor-version":[{"id":150547,"href":"https:\/\/www.caririemacao.com\/1\/wp-json\/wp\/v2\/posts\/150545\/revisions\/150547"}],"wp:featuredmedia":[{"embeddable":true,"href":"https:\/\/www.caririemacao.com\/1\/wp-json\/wp\/v2\/media\/150546"}],"wp:attachment":[{"href":"https:\/\/www.caririemacao.com\/1\/wp-json\/wp\/v2\/media?parent=150545"}],"wp:term":[{"taxonomy":"category","embeddable":true,"href":"https:\/\/www.caririemacao.com\/1\/wp-json\/wp\/v2\/categories?post=150545"},{"taxonomy":"post_tag","embeddable":true,"href":"https:\/\/www.caririemacao.com\/1\/wp-json\/wp\/v2\/tags?post=150545"}],"curies":[{"name":"wp","href":"https:\/\/api.w.org\/{rel}","templated":true}]}}