{"id":150549,"date":"2020-01-31T10:22:36","date_gmt":"2020-01-31T13:22:36","guid":{"rendered":"http:\/\/www.caririemacao.com\/1\/?p=150549"},"modified":"2020-01-31T10:22:38","modified_gmt":"2020-01-31T13:22:38","slug":"vasco-e-cabofriense-duelam-na-manha-de-hoje-em-sao-januario","status":"publish","type":"post","link":"https:\/\/www.caririemacao.com\/1\/2020\/01\/31\/vasco-e-cabofriense-duelam-na-manha-de-hoje-em-sao-januario\/","title":{"rendered":"Vasco e Cabofriense duelam na manh\u00e3 de hoje em S\u00e3o Janu\u00e1rio"},"content":{"rendered":"\n<p> Vasco e Cabofriense v\u00e3o jogar nesta manh\u00e3 desta sexta-feira, precisamente \u00e0s 11h. O jogo marcado para a noite de\u00a0ontem (31), \u00e0s 21h30, n\u00e3o pode ocorrer devido a falta de ilumina\u00e7\u00e3o em S\u00e3o Janu\u00e1rio.\u00a0O bairro de S\u00e3o Crist\u00f3v\u00e3o, onde fica o est\u00e1dio cruzmaltino, foi um dos mais atingidos pela tempestade\u00a0que desabou\u00a0sobre a cidade do Rio\u00a0de Janeiro. Um dos tranformadores que abastece de luz a regi\u00e3o\u00a0queimou, deixando S\u00e3o Janu\u00e1rio \u00e0s escuras.\u00a0\u00a0Audio Player00:0000:00<strong>Ou\u00e7a na R\u00e1dio Nacional<\/strong><\/p>\n\n\n\n<p>A luz chegou a ser restabelecida parcialmente no est\u00e1dio, mas n\u00e3o o suficiente para garantir a realiza\u00e7\u00e3o da partida.&nbsp;Os dirigentes vasca\u00ednos pressionaram para que a bola rolasse. Ap\u00f3s muita indefini\u00e7\u00e3o e atraso de 90 minutos, o diretor de competi\u00e7\u00f5es da Federa\u00e7\u00e3o de Futebol do Rio&nbsp;de Janeiro&nbsp;(FERJ), Marcelo Vianna, acabou por remarcar a partida para a manh\u00e3 desta sexta (31).<\/p>\n\n\n\n<p>O Vasco informa que os port\u00f5es para o jogo ser\u00e3o abertos \u00e1s 10h, mas apenas quem comprou o ingresso para o jogo de ontem (30)&nbsp;poder\u00e1 entrar no est\u00e1dio. Os torcedores que n\u00e3o puderem assistir ao jogo neste novo hor\u00e1rio,&nbsp;ter\u00e3o o dinheiro do ingresso reembolsado pelo Gigante da Colina.<\/p>\n","protected":false},"excerpt":{"rendered":"<p>Vasco e Cabofriense v\u00e3o jogar nesta manh\u00e3 desta sexta-feira, precisamente \u00e0s 11h. O jogo marcado para a noite de\u00a0ontem (31), \u00e0s 21h30, n\u00e3o pode ocorrer&hellip; <\/p>\n","protected":false},"author":1,"featured_media":87076,"comment_status":"closed","ping_status":"closed","sticky":false,"template":"","format":"standard","meta":{"sfsi_plus_gutenberg_text_before_share":"","sfsi_plus_gutenberg_show_text_before_share":"","sfsi_plus_gutenberg_icon_type":"","sfsi_plus_gutenberg_icon_alignemt":"","sfsi_plus_gutenburg_max_per_row":"","footnotes":""},"categories":[13],"tags":[],"class_list":["post-150549","post","type-post","status-publish","format-standard","has-post-thumbnail","hentry","category-esportes"],"_links":{"self":[{"href":"https:\/\/www.caririemacao.com\/1\/wp-json\/wp\/v2\/posts\/150549","targetHints":{"allow":["GET"]}}],"collection":[{"href":"https:\/\/www.caririemacao.com\/1\/wp-json\/wp\/v2\/posts"}],"about":[{"href":"https:\/\/www.caririemacao.com\/1\/wp-json\/wp\/v2\/types\/post"}],"author":[{"embeddable":true,"href":"https:\/\/www.caririemacao.com\/1\/wp-json\/wp\/v2\/users\/1"}],"replies":[{"embeddable":true,"href":"https:\/\/www.caririemacao.com\/1\/wp-json\/wp\/v2\/comments?post=150549"}],"version-history":[{"count":1,"href":"https:\/\/www.caririemacao.com\/1\/wp-json\/wp\/v2\/posts\/150549\/revisions"}],"predecessor-version":[{"id":150550,"href":"https:\/\/www.caririemacao.com\/1\/wp-json\/wp\/v2\/posts\/150549\/revisions\/150550"}],"wp:featuredmedia":[{"embeddable":true,"href":"https:\/\/www.caririemacao.com\/1\/wp-json\/wp\/v2\/media\/87076"}],"wp:attachment":[{"href":"https:\/\/www.caririemacao.com\/1\/wp-json\/wp\/v2\/media?parent=150549"}],"wp:term":[{"taxonomy":"category","embeddable":true,"href":"https:\/\/www.caririemacao.com\/1\/wp-json\/wp\/v2\/categories?post=150549"},{"taxonomy":"post_tag","embeddable":true,"href":"https:\/\/www.caririemacao.com\/1\/wp-json\/wp\/v2\/tags?post=150549"}],"curies":[{"name":"wp","href":"https:\/\/api.w.org\/{rel}","templated":true}]}}