{"id":150552,"date":"2020-01-31T10:24:59","date_gmt":"2020-01-31T13:24:59","guid":{"rendered":"http:\/\/www.caririemacao.com\/1\/?p=150552"},"modified":"2020-01-31T10:25:01","modified_gmt":"2020-01-31T13:25:01","slug":"inflacao-de-produtos-na-saida-das-fabricas-fecha-2019-em-519","status":"publish","type":"post","link":"https:\/\/www.caririemacao.com\/1\/2020\/01\/31\/inflacao-de-produtos-na-saida-das-fabricas-fecha-2019-em-519\/","title":{"rendered":"Infla\u00e7\u00e3o de produtos na sa\u00edda das f\u00e1bricas fecha 2019 em 5,19%"},"content":{"rendered":"\n<p>O \u00cdndice de Pre\u00e7os ao Produtor (IPP), que mede a varia\u00e7\u00e3o de pre\u00e7os dos produtos industrializados na sa\u00edda das f\u00e1bricas, ficou em 5,19% em 2019. A taxa \u00e9 inferior \u00e0 registrada em 2018, que havia ficado em 9,76% e havia sido a maior da s\u00e9rie hist\u00f3rica, iniciada em 2014, segundo o Instituto Brasileiro de Geografia e Estat\u00edstica (IBGE).<\/p>\n\n\n\n<p>No acumulado de 2019, 17 das 24 atividades pesquisadas tiveram infla\u00e7\u00e3o. Entre as atividades que mais influenciaram a infla\u00e7\u00e3o do IPP em 2019 est\u00e3o os alimentos (10,12%), refino de petr\u00f3leo e produtos de \u00e1lcool (20,25%) e ind\u00fastrias extrativas (13,59%).<\/p>\n\n\n\n<p>Por outro lado, seis atividades registraram defla\u00e7\u00e3o (queda de pre\u00e7os), com destaque para outros produtos qu\u00edmicos (-6,38%) que foram os principais respons\u00e1veis por frear a infla\u00e7\u00e3o no ano passado.<\/p>\n\n\n\n<p>Entre as grandes categorias econ\u00f4micas da ind\u00fastria, a maior taxa de infla\u00e7\u00e3o ficou com os bens de consumo semi e n\u00e3o dur\u00e1veis, que registraram alta de pre\u00e7os de 9,2% no acumulado do ano.<\/p>\n\n\n\n<p>As demais categorias econ\u00f4micas registraram as seguintes taxas de infla\u00e7\u00e3o: bens de consumo dur\u00e1veis (4,43%), bens de capital, isto \u00e9, as m\u00e1quinas e equipamentos usados no setor produtivo (5,98%), e bens intermedi\u00e1rios, isto \u00e9, os insumos industrializados usados no setor produtivo (2,89%).<\/p>\n\n\n\n<h2 class=\"wp-block-heading\">Dezembro<\/h2>\n\n\n\n<p>Em dezembro de 2019, o IPP registrou taxa de infla\u00e7\u00e3o de 0,65%, abaixo do \u00edndice de novembro (0,88%), mas acima do observado em dezembro de 2018 (-1,56%). O indicador de dezembro foi influenciado por altas de pre\u00e7os de alimentos (2,38%) e refino de petr\u00f3leo e produtos de \u00e1lcool (3,82%).<\/p>\n\n\n\n<p>Tr\u00eas das quatro grandes categorias econ\u00f4micas tiveram infla\u00e7\u00e3o em dezembro: bens de consumo semi e n\u00e3o dur\u00e1veis (1,71%), bens intermedi\u00e1rios (0,18%) e bens de capital (0,16%).<\/p>\n","protected":false},"excerpt":{"rendered":"<p>O \u00cdndice de Pre\u00e7os ao Produtor (IPP), que mede a varia\u00e7\u00e3o de pre\u00e7os dos produtos industrializados na sa\u00edda das f\u00e1bricas, ficou em 5,19% em 2019.&hellip; <\/p>\n","protected":false},"author":1,"featured_media":150554,"comment_status":"closed","ping_status":"closed","sticky":false,"template":"","format":"standard","meta":{"sfsi_plus_gutenberg_text_before_share":"","sfsi_plus_gutenberg_show_text_before_share":"","sfsi_plus_gutenberg_icon_type":"","sfsi_plus_gutenberg_icon_alignemt":"","sfsi_plus_gutenburg_max_per_row":"","footnotes":""},"categories":[2],"tags":[],"class_list":["post-150552","post","type-post","status-publish","format-standard","has-post-thumbnail","hentry","category-geral"],"_links":{"self":[{"href":"https:\/\/www.caririemacao.com\/1\/wp-json\/wp\/v2\/posts\/150552","targetHints":{"allow":["GET"]}}],"collection":[{"href":"https:\/\/www.caririemacao.com\/1\/wp-json\/wp\/v2\/posts"}],"about":[{"href":"https:\/\/www.caririemacao.com\/1\/wp-json\/wp\/v2\/types\/post"}],"author":[{"embeddable":true,"href":"https:\/\/www.caririemacao.com\/1\/wp-json\/wp\/v2\/users\/1"}],"replies":[{"embeddable":true,"href":"https:\/\/www.caririemacao.com\/1\/wp-json\/wp\/v2\/comments?post=150552"}],"version-history":[{"count":1,"href":"https:\/\/www.caririemacao.com\/1\/wp-json\/wp\/v2\/posts\/150552\/revisions"}],"predecessor-version":[{"id":150555,"href":"https:\/\/www.caririemacao.com\/1\/wp-json\/wp\/v2\/posts\/150552\/revisions\/150555"}],"wp:featuredmedia":[{"embeddable":true,"href":"https:\/\/www.caririemacao.com\/1\/wp-json\/wp\/v2\/media\/150554"}],"wp:attachment":[{"href":"https:\/\/www.caririemacao.com\/1\/wp-json\/wp\/v2\/media?parent=150552"}],"wp:term":[{"taxonomy":"category","embeddable":true,"href":"https:\/\/www.caririemacao.com\/1\/wp-json\/wp\/v2\/categories?post=150552"},{"taxonomy":"post_tag","embeddable":true,"href":"https:\/\/www.caririemacao.com\/1\/wp-json\/wp\/v2\/tags?post=150552"}],"curies":[{"name":"wp","href":"https:\/\/api.w.org\/{rel}","templated":true}]}}