{"id":150557,"date":"2020-01-31T10:27:03","date_gmt":"2020-01-31T13:27:03","guid":{"rendered":"http:\/\/www.caririemacao.com\/1\/?p=150557"},"modified":"2020-01-31T10:27:05","modified_gmt":"2020-01-31T13:27:05","slug":"bolsonaro-assina-mp-que-eleva-salario-minimo-para-r-1-045","status":"publish","type":"post","link":"https:\/\/www.caririemacao.com\/1\/2020\/01\/31\/bolsonaro-assina-mp-que-eleva-salario-minimo-para-r-1-045\/","title":{"rendered":"Bolsonaro assina MP que eleva sal\u00e1rio m\u00ednimo para R$ 1.045"},"content":{"rendered":"\n<p>O presidente Jair Bolsonaro assinou nesta&nbsp;quinta-feira (30) a medida provis\u00f3ria (MP) que fixa, a partir&nbsp;de fevereiro&nbsp;deste ano,&nbsp;<a href=\"http:\/\/agenciabrasil.ebc.com.br\/economia\/noticia\/2020-01\/governo-eleva-salario-minimo-para-r-1045\" target=\"_blank\" rel=\"noreferrer noopener\">o sal\u00e1rio m\u00ednimo&nbsp;em R$ 1.045<\/a>. A mudan\u00e7a representa um aumento em rela\u00e7\u00e3o ao reajuste proposto no final do ano, j\u00e1 que o \u00edndice oficial de infla\u00e7\u00e3o usado como refer\u00eancia para o aumento foi maior do que o esperado.<\/p>\n\n\n\n<p>&#8220;O valor do sal\u00e1rio m\u00ednimo at\u00e9 ent\u00e3o vigente era de R$ 1.039,00 e fora calculado levando em conta a proje\u00e7\u00e3o do \u00cdndice Nacional de Pre\u00e7os ao Consumidor \u2013 INPC para o m\u00eas&nbsp;de dezembro&nbsp;de 2019. A altera\u00e7\u00e3o se mostra necess\u00e1ria para adequar o valor do sal\u00e1rio m\u00ednimo \u00e0 efetiva varia\u00e7\u00e3o do INPC, divulgada em&nbsp;10 de janeiro&nbsp;de 2020 pelo Banco Central. Assim o valor de R$ 1.045, que passar\u00e1 a vigorar a partir de 1\u00ba de fevereiro de 2020, manter\u00e1 o real poder de compra do sal\u00e1rio m\u00ednimo para o corrente ano&#8221;, informou o Planalto, em nota.<\/p>\n\n\n\n<p>Segundo o governo, a nova MP ser\u00e1 publicada na edi\u00e7\u00e3o desta&nbsp;sexta-feira (31) do&nbsp;<em>Di\u00e1rio Oficial da Uni\u00e3o<\/em>&nbsp;(<em>DOU<\/em>).<\/p>\n\n\n\n<p>At\u00e9 o ano passado, a pol\u00edtica de reajuste do sal\u00e1rio m\u00ednimo, aprovada em lei, previa uma corre\u00e7\u00e3o pela infla\u00e7\u00e3o mais a varia\u00e7\u00e3o do Produto Interno Bruto (PIB, soma dos bens e servi\u00e7os produzidos no pa\u00eds). Esse modelo vigorou entre 2011 e 2019. Por\u00e9m, nem sempre houve aumento real nesse per\u00edodo porque o PIB do pa\u00eds, em 2015 e 2016, registrou retra\u00e7\u00e3o, com queda de 7% nos acumulado desses dois anos.<\/p>\n\n\n\n<p>O governo estima que, para cada aumento de R$ 1 no sal\u00e1rio m\u00ednimo, as despesas elevam-se em R$ 355,5 milh\u00f5es, principalmente por causa do pagamento de benef\u00edcios da Previd\u00eancia Social, do abono salarial e do seguro-desemprego, todos atrelados ao valor do m\u00ednimo.<\/p>\n","protected":false},"excerpt":{"rendered":"<p>O presidente Jair Bolsonaro assinou nesta&nbsp;quinta-feira (30) a medida provis\u00f3ria (MP) que fixa, a partir&nbsp;de fevereiro&nbsp;deste ano,&nbsp;o sal\u00e1rio m\u00ednimo&nbsp;em R$ 1.045. A mudan\u00e7a representa um&hellip; <\/p>\n","protected":false},"author":1,"featured_media":105625,"comment_status":"closed","ping_status":"closed","sticky":false,"template":"","format":"standard","meta":{"sfsi_plus_gutenberg_text_before_share":"","sfsi_plus_gutenberg_show_text_before_share":"","sfsi_plus_gutenberg_icon_type":"","sfsi_plus_gutenberg_icon_alignemt":"","sfsi_plus_gutenburg_max_per_row":"","footnotes":""},"categories":[11],"tags":[],"class_list":["post-150557","post","type-post","status-publish","format-standard","has-post-thumbnail","hentry","category-politica"],"_links":{"self":[{"href":"https:\/\/www.caririemacao.com\/1\/wp-json\/wp\/v2\/posts\/150557","targetHints":{"allow":["GET"]}}],"collection":[{"href":"https:\/\/www.caririemacao.com\/1\/wp-json\/wp\/v2\/posts"}],"about":[{"href":"https:\/\/www.caririemacao.com\/1\/wp-json\/wp\/v2\/types\/post"}],"author":[{"embeddable":true,"href":"https:\/\/www.caririemacao.com\/1\/wp-json\/wp\/v2\/users\/1"}],"replies":[{"embeddable":true,"href":"https:\/\/www.caririemacao.com\/1\/wp-json\/wp\/v2\/comments?post=150557"}],"version-history":[{"count":1,"href":"https:\/\/www.caririemacao.com\/1\/wp-json\/wp\/v2\/posts\/150557\/revisions"}],"predecessor-version":[{"id":150558,"href":"https:\/\/www.caririemacao.com\/1\/wp-json\/wp\/v2\/posts\/150557\/revisions\/150558"}],"wp:featuredmedia":[{"embeddable":true,"href":"https:\/\/www.caririemacao.com\/1\/wp-json\/wp\/v2\/media\/105625"}],"wp:attachment":[{"href":"https:\/\/www.caririemacao.com\/1\/wp-json\/wp\/v2\/media?parent=150557"}],"wp:term":[{"taxonomy":"category","embeddable":true,"href":"https:\/\/www.caririemacao.com\/1\/wp-json\/wp\/v2\/categories?post=150557"},{"taxonomy":"post_tag","embeddable":true,"href":"https:\/\/www.caririemacao.com\/1\/wp-json\/wp\/v2\/tags?post=150557"}],"curies":[{"name":"wp","href":"https:\/\/api.w.org\/{rel}","templated":true}]}}