{"id":150562,"date":"2020-01-31T11:22:44","date_gmt":"2020-01-31T14:22:44","guid":{"rendered":"http:\/\/www.caririemacao.com\/1\/?p=150562"},"modified":"2020-01-31T11:22:45","modified_gmt":"2020-01-31T14:22:45","slug":"apos-pedidos-do-prefeito-eden-duarte-dnocs-ira-realizar-limpeza-do-acude-de-sume","status":"publish","type":"post","link":"https:\/\/www.caririemacao.com\/1\/2020\/01\/31\/apos-pedidos-do-prefeito-eden-duarte-dnocs-ira-realizar-limpeza-do-acude-de-sume\/","title":{"rendered":"Ap\u00f3s pedidos do prefeito \u00c9den Duarte, DNOCS ir\u00e1 realizar limpeza do a\u00e7ude de Sum\u00e9"},"content":{"rendered":"\n<p>O prefeito \u00c9den Duarte esteve nesta quinta-feira (30), no Departamento Nacional de Obras Contra as Secas (DNOCS), em Jo\u00e3o Pessoa, onde recebeu do \u00f3rg\u00e3o a confirma\u00e7\u00e3o das obras de limpeza e manuten\u00e7\u00e3o no a\u00e7ude de Sum\u00e9.<\/p>\n\n\n\n<p>Quando assumiu em 2017, o prefeito \u00c9den Duarte, encaminhou of\u00edcio ao DNOCS, no sentido de disponibilizar uma equipe para fazer a limpeza do balde do a\u00e7ude p\u00fablico de Sum\u00e9, tanto na sua parte interna quanto na sua parte externa, que se encontra cercado por \u00e1rvores (algarobas) que podem vir a danificar a estrutura f\u00edsica do balde, em especial numa poss\u00edvel cheia\/sangria, em virtude do aumento no volume e da for\u00e7a das \u00e1guas.<\/p>\n\n\n\n<p>Em 2018 outro of\u00edcio foi encaminhado, solicitando informa\u00e7\u00f5es sobre o pedido, refor\u00e7ando a necessidade da manuten\u00e7\u00e3o do manancial. Na ocasi\u00e3o o DNOCS informou que estava realizando um processo licitat\u00f3rio para atender os servi\u00e7os solicitados.<\/p>\n\n\n\n<p>Em 2019, o prefeito \u00c9den Duarte, encaminhou mais uma solicita\u00e7\u00e3o datada de 29 de janeiro, solicitando informa\u00e7\u00f5es sobre o oficio\/resposta de que um processo licitat\u00f3rio estava sendo realizado para conserva\u00e7\u00e3o do a\u00e7ude de Sum\u00e9.<\/p>\n\n\n\n<p>Em encontro realizado nesta quinta-feira, na sede do \u00f3rg\u00e3o, o prefeito \u00c9den Duarte recebeu uma boa not\u00edcia do engenheiro Civil Francisco Mariano da Silva, Chefe do Servi\u00e7o T\u00e9cnico da Coordenadoria Estadual do DNOCS na Para\u00edba, de que a ordem de servi\u00e7o foi emitida para realiza\u00e7\u00e3o dos servi\u00e7os no a\u00e7ude de Sum\u00e9, tendo a empresa Imperterc um prazo de 90 dias para executar os servi\u00e7os, com investimentos de mais de 100 mil reais.<\/p>\n\n\n\n<p>Ser\u00e3o feitos os servi\u00e7os de coroamento; Talude Jusante e montante; Capina e limpeza; Escava\u00e7\u00e3o de carga; Compacta\u00e7\u00e3o manual; Regulariza\u00e7\u00e3o de talude; Limpeza de descida d\u2018agua calhas; Capina e limpeza manual; Sangradouro; Corte de capoeira; Calha em concreto simples; Placa de Obra; Aplica\u00e7\u00e3o manual de pintura com tinta latex; Alvenaria de pedra; Cai\u00e7\u00e3o em duas dem\u00e3os; pavimenta\u00e7\u00e3o em paralelep\u00edpido.<\/p>\n\n\n\n<p>O prefeito \u00c9den Duarte comemorou a limpeza, principalmente com a chegada das chuvas que ir\u00e3o ocorrer na regi\u00e3o, \u201cDeste 2017 que solicitamos os servi\u00e7os em nosso a\u00e7ude, s\u00e3o muitos problemas, algarobas, formigueiros, agora com os trabalhos estaremos prontos e seguros para as precipita\u00e7\u00f5es pluviom\u00e9tricas\u201d, ressaltou o gestor.<\/p>\n\n\n\n<p>Durante a visita ao DNOCS, o prefeito \u00c9den Duarte foi informado que est\u00e1 marcado para 4 de fevereiro ir\u00e1 acontecer a licita\u00e7\u00e3o de uma empresa para realizar o georreferenciamento e regulariza\u00e7\u00e3o dos lotes do per\u00edmetro irrigado.<\/p>\n\n\n\n<p>Ascom\/PMS<\/p>\n","protected":false},"excerpt":{"rendered":"<p>O prefeito \u00c9den Duarte esteve nesta quinta-feira (30), no Departamento Nacional de Obras Contra as Secas (DNOCS), em Jo\u00e3o Pessoa, onde recebeu do \u00f3rg\u00e3o a&hellip; <\/p>\n","protected":false},"author":1,"featured_media":38824,"comment_status":"closed","ping_status":"closed","sticky":false,"template":"","format":"standard","meta":{"sfsi_plus_gutenberg_text_before_share":"","sfsi_plus_gutenberg_show_text_before_share":"","sfsi_plus_gutenberg_icon_type":"","sfsi_plus_gutenberg_icon_alignemt":"","sfsi_plus_gutenburg_max_per_row":"","footnotes":""},"categories":[6],"tags":[],"class_list":["post-150562","post","type-post","status-publish","format-standard","has-post-thumbnail","hentry","category-cidades"],"_links":{"self":[{"href":"https:\/\/www.caririemacao.com\/1\/wp-json\/wp\/v2\/posts\/150562","targetHints":{"allow":["GET"]}}],"collection":[{"href":"https:\/\/www.caririemacao.com\/1\/wp-json\/wp\/v2\/posts"}],"about":[{"href":"https:\/\/www.caririemacao.com\/1\/wp-json\/wp\/v2\/types\/post"}],"author":[{"embeddable":true,"href":"https:\/\/www.caririemacao.com\/1\/wp-json\/wp\/v2\/users\/1"}],"replies":[{"embeddable":true,"href":"https:\/\/www.caririemacao.com\/1\/wp-json\/wp\/v2\/comments?post=150562"}],"version-history":[{"count":1,"href":"https:\/\/www.caririemacao.com\/1\/wp-json\/wp\/v2\/posts\/150562\/revisions"}],"predecessor-version":[{"id":150564,"href":"https:\/\/www.caririemacao.com\/1\/wp-json\/wp\/v2\/posts\/150562\/revisions\/150564"}],"wp:featuredmedia":[{"embeddable":true,"href":"https:\/\/www.caririemacao.com\/1\/wp-json\/wp\/v2\/media\/38824"}],"wp:attachment":[{"href":"https:\/\/www.caririemacao.com\/1\/wp-json\/wp\/v2\/media?parent=150562"}],"wp:term":[{"taxonomy":"category","embeddable":true,"href":"https:\/\/www.caririemacao.com\/1\/wp-json\/wp\/v2\/categories?post=150562"},{"taxonomy":"post_tag","embeddable":true,"href":"https:\/\/www.caririemacao.com\/1\/wp-json\/wp\/v2\/tags?post=150562"}],"curies":[{"name":"wp","href":"https:\/\/api.w.org\/{rel}","templated":true}]}}