{"id":150570,"date":"2020-01-31T11:32:02","date_gmt":"2020-01-31T14:32:02","guid":{"rendered":"http:\/\/www.caririemacao.com\/1\/?p=150570"},"modified":"2020-01-31T11:32:04","modified_gmt":"2020-01-31T14:32:04","slug":"prefeita-anna-lorena-prestigia-desfile-com-obras-de-rendeiras-monteirenses","status":"publish","type":"post","link":"https:\/\/www.caririemacao.com\/1\/2020\/01\/31\/prefeita-anna-lorena-prestigia-desfile-com-obras-de-rendeiras-monteirenses\/","title":{"rendered":"Prefeita Anna Lorena prestigia desfile com obras de rendeiras monteirenses"},"content":{"rendered":"\n<p>O ponto alto da 31\u00aa edi\u00e7\u00e3o do Sal\u00e3o do Artesanato da Para\u00edba que aconteceu na noite desta &nbsp;quarta-feira, 29, foi o desfile da cole\u00e7\u00e3o #SomosTODOSPara\u00edba, resultado das oficinas ministradas pelo estilista Ronaldo Fraga as rendeiras do Cariri paraibano, em novembro do ano passado em Monteiro.<\/p>\n\n\n\n<p>O evento realizado no Espa\u00e7o Cultural Jos\u00e9 Lins do Rego contou com a participa\u00e7\u00e3o de diversas autoridades, profissionais ligados \u00e0 moda e populares, e a prefeita Anna Lorena fez quest\u00e3o de prestigiar o grande momento das mulheres artes\u00e3s do cariri e especialmente do munic\u00edpio de Monteiro.<\/p>\n\n\n\n<p>Na ocasi\u00e3o, o governador Jo\u00e3o Azev\u00eado comemorou o sucesso do evento e ressaltou o esfor\u00e7o do Governo do Estado para garantir a qualifica\u00e7\u00e3o da produ\u00e7\u00e3o das rendeiras paraibanas. \u201c\u00c9 uma satisfa\u00e7\u00e3o muito grande real\u00e7ar o que j\u00e1 existe na Para\u00edba, que \u00e9 a beleza da renda renascen\u00e7a e os trabalhos das rendeiras do Cariri, juntando a genialidade de Ronaldo Fraga e o tra\u00e7o fant\u00e1stico de Fl\u00e1vio Tavares, que emocionaram a todos que acompanharam o desfile, permitindo que a renda renascen\u00e7a do nosso Estado seja reconhecida nacionalmente\u201d, frisou.<\/p>\n\n\n\n<p>J\u00e1 a prefeita de Monteiro, Anna Lorena, falou das expectativas para o funcionamento do Centro de Refer\u00eancia do Artesanato do Cariri. \u201c\u00c9 uma a\u00e7\u00e3o que fomenta a cultura e valoriza o artesanato da nossa cidade e da regi\u00e3o, impulsionando a economia local, ampliando a cadeia de emprego e aumentando a renda da popula\u00e7\u00e3o\u201d, disse.<\/p>\n\n\n\n<p><strong>A cole\u00e7\u00e3o<\/strong><\/p>\n\n\n\n<div class=\"wp-block-image\"><figure class=\"alignleft\"><img decoding=\"async\" data-src=\"https:\/\/i1.wp.com\/www.vitrinedocariri.com.br\/wp-content\/uploads\/2020\/01\/Prefeita-Anna-Lorena-prestigia-desfile-com-obras-de-rendeiras-monteirenses1.jpeg?zoom=2&amp;resize=330%2C358&amp;ssl=1\" alt=\"\" class=\"wp-image-63027 lazyload\" src=\"data:image\/svg+xml;base64,PHN2ZyB3aWR0aD0iMSIgaGVpZ2h0PSIxIiB4bWxucz0iaHR0cDovL3d3dy53My5vcmcvMjAwMC9zdmciPjwvc3ZnPg==\" \/><\/figure><\/div>\n\n\n\n<p>A ideia nasceu da necessidade apontada pelas pr\u00f3prias rendeiras em visita realizada em agosto de 2019. Na ocasi\u00e3o, Marielza junto \u00e0 primeira dama do estado e tamb\u00e9m presidente de honra do PAP, Ana Maria Lins, estiveram nos 5 n\u00facleos produtivos: Monteiro, Camala\u00fa, S\u00e3o Sebasti\u00e3o do Umbuzeiro, Zabel\u00ea e S\u00e3o Jo\u00e3o do Tigre. L\u00e1, ouviram sobre o desejo de desenvolver uma cole\u00e7\u00e3o com um designer, mais inovadora e com maior apelo de mercado; assim semearam a proposta que hoje floresce e logo trar\u00e1 grandes frutos.<\/p>\n\n\n\n<p>#SomosTODOSPara\u00edba \u00e9 inspirada na obra do artista pl\u00e1stico Fl\u00e1vio Tavares, e trouxe o trabalho de 35. As oficinas ministradas por Ronaldo Fraga s\u00e3o parte de um conjunto de a\u00e7\u00f5es do Governo do Estado para fortalecer a comercializa\u00e7\u00e3o da renda renascen\u00e7a, s\u00edmbolo da regi\u00e3o do Cariri.<\/p>\n","protected":false},"excerpt":{"rendered":"<p>O ponto alto da 31\u00aa edi\u00e7\u00e3o do Sal\u00e3o do Artesanato da Para\u00edba que aconteceu na noite desta &nbsp;quarta-feira, 29, foi o desfile da cole\u00e7\u00e3o #SomosTODOSPara\u00edba,&hellip; <\/p>\n","protected":false},"author":1,"featured_media":150572,"comment_status":"closed","ping_status":"closed","sticky":false,"template":"","format":"standard","meta":{"sfsi_plus_gutenberg_text_before_share":"","sfsi_plus_gutenberg_show_text_before_share":"","sfsi_plus_gutenberg_icon_type":"","sfsi_plus_gutenberg_icon_alignemt":"","sfsi_plus_gutenburg_max_per_row":"","footnotes":""},"categories":[2],"tags":[],"class_list":["post-150570","post","type-post","status-publish","format-standard","has-post-thumbnail","hentry","category-geral"],"_links":{"self":[{"href":"https:\/\/www.caririemacao.com\/1\/wp-json\/wp\/v2\/posts\/150570","targetHints":{"allow":["GET"]}}],"collection":[{"href":"https:\/\/www.caririemacao.com\/1\/wp-json\/wp\/v2\/posts"}],"about":[{"href":"https:\/\/www.caririemacao.com\/1\/wp-json\/wp\/v2\/types\/post"}],"author":[{"embeddable":true,"href":"https:\/\/www.caririemacao.com\/1\/wp-json\/wp\/v2\/users\/1"}],"replies":[{"embeddable":true,"href":"https:\/\/www.caririemacao.com\/1\/wp-json\/wp\/v2\/comments?post=150570"}],"version-history":[{"count":1,"href":"https:\/\/www.caririemacao.com\/1\/wp-json\/wp\/v2\/posts\/150570\/revisions"}],"predecessor-version":[{"id":150573,"href":"https:\/\/www.caririemacao.com\/1\/wp-json\/wp\/v2\/posts\/150570\/revisions\/150573"}],"wp:featuredmedia":[{"embeddable":true,"href":"https:\/\/www.caririemacao.com\/1\/wp-json\/wp\/v2\/media\/150572"}],"wp:attachment":[{"href":"https:\/\/www.caririemacao.com\/1\/wp-json\/wp\/v2\/media?parent=150570"}],"wp:term":[{"taxonomy":"category","embeddable":true,"href":"https:\/\/www.caririemacao.com\/1\/wp-json\/wp\/v2\/categories?post=150570"},{"taxonomy":"post_tag","embeddable":true,"href":"https:\/\/www.caririemacao.com\/1\/wp-json\/wp\/v2\/tags?post=150570"}],"curies":[{"name":"wp","href":"https:\/\/api.w.org\/{rel}","templated":true}]}}