{"id":150584,"date":"2020-01-31T12:42:45","date_gmt":"2020-01-31T15:42:45","guid":{"rendered":"http:\/\/www.caririemacao.com\/1\/?p=150584"},"modified":"2020-01-31T12:42:47","modified_gmt":"2020-01-31T15:42:47","slug":"mais-de-20-prefeitos-paraibanos-anunciam-saida-do-psb-veja-carta","status":"publish","type":"post","link":"https:\/\/www.caririemacao.com\/1\/2020\/01\/31\/mais-de-20-prefeitos-paraibanos-anunciam-saida-do-psb-veja-carta\/","title":{"rendered":"Mais de 20 prefeitos paraibanos anunciam sa\u00edda do PSB; veja carta"},"content":{"rendered":"\n<p><br>Vinte e dois prefeitos paraibanos se reuniram na manh\u00e3 desta sexta-feira (31), em Jo\u00e3o Pessoa, para anunciar a desfilia\u00e7\u00e3o do PSB. A decis\u00e3o aconteceu de forma coletiva depois que os gestores analisaram os \u00faltimos acontecimentos envolvendo a legenda, principalmente a falta de di\u00e1logo e o processo antidemocr\u00e1tico adotado para mudan\u00e7a da dire\u00e7\u00e3o estadual. Durante o encontro, os prefeitos destacaram que se filiaram a sigla por acreditar em um projeto pol\u00edtico que tinha a miss\u00e3o de promover mudan\u00e7as estruturais na Para\u00edba, levando desenvolvimento e melhorando a qualidade de vida da popula\u00e7\u00e3o.<\/p>\n\n\n\n<p>Conforme os prefeitos, por meio de uma carta divulgada, todas as decis\u00f5es foram tomadas sem di\u00e1logo, sem ouvir aqueles que estavam na ponta, dentro dos munic\u00edpios. \u201cSem um processo democr\u00e1tico, onde todos t\u00eam voz e vez, n\u00e3o h\u00e1 constru\u00e7\u00e3o partid\u00e1ria e n\u00e3o entramos no PSB para n\u00e3o sermos ouvidos\u201d, destacaram.<\/p>\n\n\n\n<p><strong><a href=\"https:\/\/www.maispb.com.br\/wp-content\/uploads\/2020\/01\/Carta_dos_prefeitos_ok.pdf\">Confira a carta dos gestores&nbsp;<\/a><\/strong><\/p>\n\n\n\n<p>Os prefeitos reafirmaram ainda apoio ao governador Jo\u00e3o Azev\u00eado, garantindo que aguardam a decis\u00e3o de filia\u00e7\u00e3o partid\u00e1ria para acompanhar o Chefe do Executivo estadual. \u201cSeguimos com o projeto pol\u00edtico que ajudamos a construir, que \u00e9 encabe\u00e7ado por um governador que teve 58,18% dos votos dos paraibanos, eleito j\u00e1 em primeiro turno\u201d, afirmaram.<\/p>\n\n\n\n<p>Al\u00e9m disso, os gestores lembraram que este \u00e9 um ano eleitoral e que n\u00e3o podiam defender um partido que n\u00e3o faz parte do projeto que eles acreditam, destacando que uma agremia\u00e7\u00e3o partid\u00e1ria \u00e9 composta de v\u00e1rias pessoas e constru\u00edda por muitas m\u00e3os.<\/p>\n\n\n\n<p>O prefeito de S\u00e3o Jos\u00e9 de Piranhas, Chico Mendes, destacou a uni\u00e3o dos gestores que aguardam, agora, uma defini\u00e7\u00e3o do governador Jo\u00e3o Azev\u00eado para definir a nova legenda. \u201cN\u00e3o existe espa\u00e7o vazio e nem mandat\u00e1rio em cima do muro. Por isso, decidimos por deixar o PSB\u201d, destacou.<\/p>\n\n\n\n<p>Para Fernando Naia, prefeito de Rio Tinto, n\u00e3o havia mais condi\u00e7\u00f5es de permanecer no PSB depois da falta de di\u00e1logo e decis\u00f5es antidemocr\u00e1ticas adotadas. \u201cEstamos deixando o partido por n\u00e3o concordar com diversas pr\u00e1ticas estabelecidas pela dire\u00e7\u00e3o da legenda. Por isso seguimos os outros companheiros nessa desfilia\u00e7\u00e3o \u201c, disse.<\/p>\n\n\n\n<p>J\u00e1 o prefeito de Juripiranga, Paulo D\u00e1lia, disse que a decis\u00e3o coletiva se d\u00e1 por acreditar que o governador Jo\u00e3o Azev\u00eado vai colocar em pr\u00e1tica um projeto de constru\u00e7\u00e3o da Para\u00edba. \u201cVamos seguir o governador justamente por acreditar que o nosso estado vai se desenvolver ainda mais com a sua administra\u00e7\u00e3o\u201d, observou.<\/p>\n\n\n\n<p>Guilherme Madruga, prefeito de Cuitegi, afirmou que a iniciativa de an\u00fancio coletivo acontece diante da realidade do PSB atualmente. \u201cNos filiamos por acreditar que ter\u00edamos voz \u00e9 que a legenda estaria pronta para fazer a Para\u00edba crescer, mas infelizmente n\u00e3o vimos isso. Dessa forma, vamos buscar um novo caminho\u201d, garantiu.<\/p>\n\n\n\n<p>Por fim, os prefeitos lembraram que um partido pol\u00edtico \u00e9 tamb\u00e9m instrumento de transforma\u00e7\u00e3o e a sua constru\u00e7\u00e3o deve ser feita de forma coletiva. \u201cSeguimos com o projeto que lutamos para virar realidade e que vem promovendo mudan\u00e7as importantes no nosso estado. Aqui, somos todos Para\u00edba!\u201d, conclu\u00edram<\/p>\n\n\n\n<p><strong>MaisPB<\/strong><\/p>\n","protected":false},"excerpt":{"rendered":"<p>Vinte e dois prefeitos paraibanos se reuniram na manh\u00e3 desta sexta-feira (31), em Jo\u00e3o Pessoa, para anunciar a desfilia\u00e7\u00e3o do PSB. A decis\u00e3o aconteceu de&hellip; <\/p>\n","protected":false},"author":1,"featured_media":4494,"comment_status":"closed","ping_status":"closed","sticky":false,"template":"","format":"standard","meta":{"sfsi_plus_gutenberg_text_before_share":"","sfsi_plus_gutenberg_show_text_before_share":"","sfsi_plus_gutenberg_icon_type":"","sfsi_plus_gutenberg_icon_alignemt":"","sfsi_plus_gutenburg_max_per_row":"","footnotes":""},"categories":[11],"tags":[],"class_list":["post-150584","post","type-post","status-publish","format-standard","has-post-thumbnail","hentry","category-politica"],"_links":{"self":[{"href":"https:\/\/www.caririemacao.com\/1\/wp-json\/wp\/v2\/posts\/150584","targetHints":{"allow":["GET"]}}],"collection":[{"href":"https:\/\/www.caririemacao.com\/1\/wp-json\/wp\/v2\/posts"}],"about":[{"href":"https:\/\/www.caririemacao.com\/1\/wp-json\/wp\/v2\/types\/post"}],"author":[{"embeddable":true,"href":"https:\/\/www.caririemacao.com\/1\/wp-json\/wp\/v2\/users\/1"}],"replies":[{"embeddable":true,"href":"https:\/\/www.caririemacao.com\/1\/wp-json\/wp\/v2\/comments?post=150584"}],"version-history":[{"count":1,"href":"https:\/\/www.caririemacao.com\/1\/wp-json\/wp\/v2\/posts\/150584\/revisions"}],"predecessor-version":[{"id":150590,"href":"https:\/\/www.caririemacao.com\/1\/wp-json\/wp\/v2\/posts\/150584\/revisions\/150590"}],"wp:featuredmedia":[{"embeddable":true,"href":"https:\/\/www.caririemacao.com\/1\/wp-json\/wp\/v2\/media\/4494"}],"wp:attachment":[{"href":"https:\/\/www.caririemacao.com\/1\/wp-json\/wp\/v2\/media?parent=150584"}],"wp:term":[{"taxonomy":"category","embeddable":true,"href":"https:\/\/www.caririemacao.com\/1\/wp-json\/wp\/v2\/categories?post=150584"},{"taxonomy":"post_tag","embeddable":true,"href":"https:\/\/www.caririemacao.com\/1\/wp-json\/wp\/v2\/tags?post=150584"}],"curies":[{"name":"wp","href":"https:\/\/api.w.org\/{rel}","templated":true}]}}