{"id":150597,"date":"2020-01-31T12:50:02","date_gmt":"2020-01-31T15:50:02","guid":{"rendered":"http:\/\/www.caririemacao.com\/1\/?p=150597"},"modified":"2020-01-31T12:50:04","modified_gmt":"2020-01-31T15:50:04","slug":"em-meio-a-crise-no-sisu-e-enem-secretario-de-educacao-superior-do-mec-pede-demissao","status":"publish","type":"post","link":"https:\/\/www.caririemacao.com\/1\/2020\/01\/31\/em-meio-a-crise-no-sisu-e-enem-secretario-de-educacao-superior-do-mec-pede-demissao\/","title":{"rendered":"Em meio a crise no Sisu e Enem, secret\u00e1rio de Educa\u00e7\u00e3o Superior do MEC pede demiss\u00e3o"},"content":{"rendered":"\n<p>O secret\u00e1rio de Educa\u00e7\u00e3o Superior do MEC (Minist\u00e9rio da Educa\u00e7\u00e3o), Arnaldo Lima Junior, pediu demiss\u00e3o nesta quinta-feira (30). Ele alegou motivos pessoais para deixar o cargo.<\/p>\n\n\n\n<p>Lima Junior apresentou o pedido de demiss\u00e3o por meio de carta, obtida pela reportagem. O agora ex-secret\u00e1rio era um dos principais auxiliares do ministro Abraham Weintraub.&nbsp;<\/p>\n\n\n\n<p>A sa\u00edda dele se d\u00e1 em meio a crise ap\u00f3s a divulga\u00e7\u00e3o de notas do Enem com erros.&nbsp;<\/p>\n\n\n\n<p>A prova \u00e9 usada para selecionar estudantes para universidades de todo o pa\u00eds por meio do Sisu (Sistema de Sele\u00e7\u00e3o Unificada).<\/p>\n\n\n\n<p>Na carta, Lima Junior afirma que se desliga da secretaria do MEC &#8220;para abra\u00e7ar um novo prop\u00f3sito profissional&#8221;.<\/p>\n\n\n\n<p>&#8220;Quando assumi a secretaria, estava ciente da responsabilidade que resultaria desse ato, mas nunca deixei de ousar e nunca fiz nada sozinho&#8221;, escreveu.<\/p>\n\n\n\n<p>De acordo com ele, a secretaria participou da elabora\u00e7\u00e3o de projetos com a marca da gest\u00e3o Jair Bolsonaro como a ID Estudantil, o diploma digital e o Novo Revalida.<\/p>\n\n\n\n<p>Segundo Lima Junior, o \u00f3rg\u00e3o tamb\u00e9m foi respons\u00e1vel por aperfei\u00e7oar o Fies (Financiamento Estudantil).&nbsp;<\/p>\n\n\n\n<p>&#8220;Conseguimos 100% dos recursos previstos na Lei Or\u00e7ament\u00e1ria Anual (LOA), implementamos cinco novas universidades federais e desenvolvemos o Future-se.&#8221; Ele definiu o programa que busca aumentar o aporte de recursos externos \u00e0s universidades como &#8220;o que h\u00e1 de mais inovador na educa\u00e7\u00e3o brasileira&#8221;.&nbsp;<\/p>\n\n\n\n<p>Embora tenha sido apresentado no ano passado, o projeto de lei do Future-se ainda precisa ser enviado ao Congresso Nacional para virar realidade.<\/p>\n\n\n\n<p>Segundo ele, essa ser\u00e1 a sua \u00faltima &#8220;miss\u00e3o no glorioso Minist\u00e9rio da Educa\u00e7\u00e3o&#8221;.&nbsp;<\/p>\n\n\n\n<p>Lima Junior ficou nove meses \u00e0 frente da secretaria. Nesse per\u00edodo, segundo ele, foram muitos os desafios no dia a dia \u00e0 frente dos temas de educa\u00e7\u00e3o superior. &#8220;Mas pude contar com o apoio do Ministro Abraham Weintraub, do secret\u00e1rio-executivo, Antonio Paulo Vogel de Medeiros, dos demais secret\u00e1rios e colaboradores do MEC e, especialmente, da Fam\u00edlia Sesu [Secretaria da Educa\u00e7\u00e3o Superior]&#8221;, escreve.<\/p>\n\n\n\n<p>&#8220;Deixo as portas abertas, o que me traz grande alegria, e me despe\u00e7o com a certeza do dever cumprido, sabendo que bons frutos ser\u00e3o colhidos das sementes que ajudei a plantar&#8221;, finaliza a carta.<\/p>\n","protected":false},"excerpt":{"rendered":"<p>O secret\u00e1rio de Educa\u00e7\u00e3o Superior do MEC (Minist\u00e9rio da Educa\u00e7\u00e3o), Arnaldo Lima Junior, pediu demiss\u00e3o nesta quinta-feira (30). Ele alegou motivos pessoais para deixar o&hellip; <\/p>\n","protected":false},"author":1,"featured_media":150598,"comment_status":"closed","ping_status":"closed","sticky":false,"template":"","format":"standard","meta":{"sfsi_plus_gutenberg_text_before_share":"","sfsi_plus_gutenberg_show_text_before_share":"","sfsi_plus_gutenberg_icon_type":"","sfsi_plus_gutenberg_icon_alignemt":"","sfsi_plus_gutenburg_max_per_row":"","footnotes":""},"categories":[12],"tags":[],"class_list":["post-150597","post","type-post","status-publish","format-standard","has-post-thumbnail","hentry","category-policia"],"_links":{"self":[{"href":"https:\/\/www.caririemacao.com\/1\/wp-json\/wp\/v2\/posts\/150597","targetHints":{"allow":["GET"]}}],"collection":[{"href":"https:\/\/www.caririemacao.com\/1\/wp-json\/wp\/v2\/posts"}],"about":[{"href":"https:\/\/www.caririemacao.com\/1\/wp-json\/wp\/v2\/types\/post"}],"author":[{"embeddable":true,"href":"https:\/\/www.caririemacao.com\/1\/wp-json\/wp\/v2\/users\/1"}],"replies":[{"embeddable":true,"href":"https:\/\/www.caririemacao.com\/1\/wp-json\/wp\/v2\/comments?post=150597"}],"version-history":[{"count":1,"href":"https:\/\/www.caririemacao.com\/1\/wp-json\/wp\/v2\/posts\/150597\/revisions"}],"predecessor-version":[{"id":150599,"href":"https:\/\/www.caririemacao.com\/1\/wp-json\/wp\/v2\/posts\/150597\/revisions\/150599"}],"wp:featuredmedia":[{"embeddable":true,"href":"https:\/\/www.caririemacao.com\/1\/wp-json\/wp\/v2\/media\/150598"}],"wp:attachment":[{"href":"https:\/\/www.caririemacao.com\/1\/wp-json\/wp\/v2\/media?parent=150597"}],"wp:term":[{"taxonomy":"category","embeddable":true,"href":"https:\/\/www.caririemacao.com\/1\/wp-json\/wp\/v2\/categories?post=150597"},{"taxonomy":"post_tag","embeddable":true,"href":"https:\/\/www.caririemacao.com\/1\/wp-json\/wp\/v2\/tags?post=150597"}],"curies":[{"name":"wp","href":"https:\/\/api.w.org\/{rel}","templated":true}]}}