{"id":150605,"date":"2020-01-31T13:08:51","date_gmt":"2020-01-31T16:08:51","guid":{"rendered":"http:\/\/www.caririemacao.com\/1\/?p=150605"},"modified":"2020-01-31T13:08:53","modified_gmt":"2020-01-31T16:08:53","slug":"gestao-de-camalau-libera-pagamento-dos-funcionarios-publicos","status":"publish","type":"post","link":"https:\/\/www.caririemacao.com\/1\/2020\/01\/31\/gestao-de-camalau-libera-pagamento-dos-funcionarios-publicos\/","title":{"rendered":"Gest\u00e3o de Camala\u00fa libera pagamento dos funcion\u00e1rios p\u00fablicos"},"content":{"rendered":"\n<p>O prefeito de Camala\u00fa Sandro M\u00f4co, anunciou nesta quinta-feira (30) o pagamento da folha de funcion\u00e1rios municipais. <\/p>\n\n\n\n<p>De acordo com o prefeito os recursos foram creditados atrav\u00e9s da secretaria de finan\u00e7as nas contas correntes e j\u00e1 est\u00e3o dispon\u00edveis para saque.<\/p>\n\n\n\n<p><br>\u201cO Governo Municipal mant\u00e9m assim o compromisso com o funcionalismo de manter rigorosamente em dia o pagamento desde quando assumimos a gest\u00e3o\u201d disse o Prefeito Sandro.<\/p>\n\n\n\n<p><strong><br>F\u00c1BIO BRITO<\/strong><\/p>\n","protected":false},"excerpt":{"rendered":"<p>O prefeito de Camala\u00fa Sandro M\u00f4co, anunciou nesta quinta-feira (30) o pagamento da folha de funcion\u00e1rios municipais. De acordo com o prefeito os recursos foram&hellip; <\/p>\n","protected":false},"author":1,"featured_media":15416,"comment_status":"closed","ping_status":"closed","sticky":false,"template":"","format":"standard","meta":{"sfsi_plus_gutenberg_text_before_share":"","sfsi_plus_gutenberg_show_text_before_share":"","sfsi_plus_gutenberg_icon_type":"","sfsi_plus_gutenberg_icon_alignemt":"","sfsi_plus_gutenburg_max_per_row":"","footnotes":""},"categories":[6],"tags":[],"class_list":["post-150605","post","type-post","status-publish","format-standard","has-post-thumbnail","hentry","category-cidades"],"_links":{"self":[{"href":"https:\/\/www.caririemacao.com\/1\/wp-json\/wp\/v2\/posts\/150605","targetHints":{"allow":["GET"]}}],"collection":[{"href":"https:\/\/www.caririemacao.com\/1\/wp-json\/wp\/v2\/posts"}],"about":[{"href":"https:\/\/www.caririemacao.com\/1\/wp-json\/wp\/v2\/types\/post"}],"author":[{"embeddable":true,"href":"https:\/\/www.caririemacao.com\/1\/wp-json\/wp\/v2\/users\/1"}],"replies":[{"embeddable":true,"href":"https:\/\/www.caririemacao.com\/1\/wp-json\/wp\/v2\/comments?post=150605"}],"version-history":[{"count":1,"href":"https:\/\/www.caririemacao.com\/1\/wp-json\/wp\/v2\/posts\/150605\/revisions"}],"predecessor-version":[{"id":150607,"href":"https:\/\/www.caririemacao.com\/1\/wp-json\/wp\/v2\/posts\/150605\/revisions\/150607"}],"wp:featuredmedia":[{"embeddable":true,"href":"https:\/\/www.caririemacao.com\/1\/wp-json\/wp\/v2\/media\/15416"}],"wp:attachment":[{"href":"https:\/\/www.caririemacao.com\/1\/wp-json\/wp\/v2\/media?parent=150605"}],"wp:term":[{"taxonomy":"category","embeddable":true,"href":"https:\/\/www.caririemacao.com\/1\/wp-json\/wp\/v2\/categories?post=150605"},{"taxonomy":"post_tag","embeddable":true,"href":"https:\/\/www.caririemacao.com\/1\/wp-json\/wp\/v2\/tags?post=150605"}],"curies":[{"name":"wp","href":"https:\/\/api.w.org\/{rel}","templated":true}]}}