{"id":150610,"date":"2020-01-31T13:10:40","date_gmt":"2020-01-31T16:10:40","guid":{"rendered":"http:\/\/www.caririemacao.com\/1\/?p=150610"},"modified":"2020-01-31T13:10:43","modified_gmt":"2020-01-31T16:10:43","slug":"prefeitura-de-zabele-libera-pagamento-dos-funcionarios-publicos-municipais","status":"publish","type":"post","link":"https:\/\/www.caririemacao.com\/1\/2020\/01\/31\/prefeitura-de-zabele-libera-pagamento-dos-funcionarios-publicos-municipais\/","title":{"rendered":"Prefeitura de Zabel\u00ea libera pagamento dos funcion\u00e1rios p\u00fablicos municipais"},"content":{"rendered":"\n<p>O prefeito de Zabel\u00ea, Dalyson Neves, anunciou nesta quinta-feira (30) o pagamento da folha de funcion\u00e1rios municipais. <\/p>\n\n\n\n<p>De acordo com o prefeito os recursos foram creditados nas contas correntes do Banco do Brasil e j\u00e1 est\u00e3o dispon\u00edveis para saque.<\/p>\n\n\n\n<p><br>\u201cMais uma vez a gest\u00e3o municipal est\u00e1 cumprindo com o seu dever de sempre pagar dentro do m\u00eas trabalhado. Nossa cidade virou um verdadeiro canteiro de obras, estamos com a execu\u00e7\u00e3o do maior plano de cal\u00e7amento de ruas com recursos pr\u00f3prios, j\u00e1 a constru\u00e7\u00e3o de 60 cisternas v\u00e3o acontecer em parceria com o CISCO, muitas outras aquisi\u00e7\u00f5es j\u00e1 est\u00e3o bem encaminhadas e em breve vamos poder entregar a popula\u00e7\u00e3o Zabel\u00eaense\u201d disse o Prefeito.<br><\/p>\n","protected":false},"excerpt":{"rendered":"<p>O prefeito de Zabel\u00ea, Dalyson Neves, anunciou nesta quinta-feira (30) o pagamento da folha de funcion\u00e1rios municipais. De acordo com o prefeito os recursos foram&hellip; <\/p>\n","protected":false},"author":1,"featured_media":10352,"comment_status":"closed","ping_status":"closed","sticky":false,"template":"","format":"standard","meta":{"sfsi_plus_gutenberg_text_before_share":"","sfsi_plus_gutenberg_show_text_before_share":"","sfsi_plus_gutenberg_icon_type":"","sfsi_plus_gutenberg_icon_alignemt":"","sfsi_plus_gutenburg_max_per_row":"","footnotes":""},"categories":[6],"tags":[],"class_list":["post-150610","post","type-post","status-publish","format-standard","has-post-thumbnail","hentry","category-cidades"],"_links":{"self":[{"href":"https:\/\/www.caririemacao.com\/1\/wp-json\/wp\/v2\/posts\/150610","targetHints":{"allow":["GET"]}}],"collection":[{"href":"https:\/\/www.caririemacao.com\/1\/wp-json\/wp\/v2\/posts"}],"about":[{"href":"https:\/\/www.caririemacao.com\/1\/wp-json\/wp\/v2\/types\/post"}],"author":[{"embeddable":true,"href":"https:\/\/www.caririemacao.com\/1\/wp-json\/wp\/v2\/users\/1"}],"replies":[{"embeddable":true,"href":"https:\/\/www.caririemacao.com\/1\/wp-json\/wp\/v2\/comments?post=150610"}],"version-history":[{"count":1,"href":"https:\/\/www.caririemacao.com\/1\/wp-json\/wp\/v2\/posts\/150610\/revisions"}],"predecessor-version":[{"id":150613,"href":"https:\/\/www.caririemacao.com\/1\/wp-json\/wp\/v2\/posts\/150610\/revisions\/150613"}],"wp:featuredmedia":[{"embeddable":true,"href":"https:\/\/www.caririemacao.com\/1\/wp-json\/wp\/v2\/media\/10352"}],"wp:attachment":[{"href":"https:\/\/www.caririemacao.com\/1\/wp-json\/wp\/v2\/media?parent=150610"}],"wp:term":[{"taxonomy":"category","embeddable":true,"href":"https:\/\/www.caririemacao.com\/1\/wp-json\/wp\/v2\/categories?post=150610"},{"taxonomy":"post_tag","embeddable":true,"href":"https:\/\/www.caririemacao.com\/1\/wp-json\/wp\/v2\/tags?post=150610"}],"curies":[{"name":"wp","href":"https:\/\/api.w.org\/{rel}","templated":true}]}}