{"id":150612,"date":"2020-01-31T13:12:44","date_gmt":"2020-01-31T16:12:44","guid":{"rendered":"http:\/\/www.caririemacao.com\/1\/?p=150612"},"modified":"2020-01-31T13:12:46","modified_gmt":"2020-01-31T16:12:46","slug":"apos-recesso-camara-de-caraubas-volta-aos-trabalhos-em-sessao-parlamentar-na-proxima-semana","status":"publish","type":"post","link":"https:\/\/www.caririemacao.com\/1\/2020\/01\/31\/apos-recesso-camara-de-caraubas-volta-aos-trabalhos-em-sessao-parlamentar-na-proxima-semana\/","title":{"rendered":"Ap\u00f3s recesso, C\u00e2mara de Cara\u00fabas volta aos trabalhos em sess\u00e3o parlamentar na pr\u00f3xima semana"},"content":{"rendered":"\n<p>Ap\u00f3s per\u00edodo de recesso, Cara\u00fabas de Cara\u00fabas retornar\u00e1 na pr\u00f3xima ter\u00e7a-feira, dia 04 de fevereiro, as atividades legislativas em sess\u00e3o ordin\u00e1ria. <\/p>\n\n\n\n<p>Durante o recesso parlamentar os vereadores estiveram\nmantendo reuni\u00f5es em v\u00e1rias comunidades e participando de reuni\u00f5es de\nassocia\u00e7\u00f5es comunit\u00e1rias.<\/p>\n\n\n\n<p>O presidente do Legislativo Caraubense, vereador Jos\u00e9\nFranconero (Nero), disse que o esfor\u00e7o para melhorar a cada dia a vida da\npopula\u00e7\u00e3o vai continuar neste ano, tomando medidas no que se refere a efici\u00eancia\ndos servi\u00e7os p\u00fablicos e zelo pelo dinheiro p\u00fablico\u201d, comentou.<\/p>\n","protected":false},"excerpt":{"rendered":"<p>Ap\u00f3s per\u00edodo de recesso, Cara\u00fabas de Cara\u00fabas retornar\u00e1 na pr\u00f3xima ter\u00e7a-feira, dia 04 de fevereiro, as atividades legislativas em sess\u00e3o ordin\u00e1ria. Durante o recesso parlamentar&hellip; <\/p>\n","protected":false},"author":1,"featured_media":150618,"comment_status":"closed","ping_status":"closed","sticky":false,"template":"","format":"standard","meta":{"sfsi_plus_gutenberg_text_before_share":"","sfsi_plus_gutenberg_show_text_before_share":"","sfsi_plus_gutenberg_icon_type":"","sfsi_plus_gutenberg_icon_alignemt":"","sfsi_plus_gutenburg_max_per_row":"","footnotes":""},"categories":[6,50],"tags":[],"class_list":["post-150612","post","type-post","status-publish","format-standard","has-post-thumbnail","hentry","category-cidades","category-destaque"],"_links":{"self":[{"href":"https:\/\/www.caririemacao.com\/1\/wp-json\/wp\/v2\/posts\/150612","targetHints":{"allow":["GET"]}}],"collection":[{"href":"https:\/\/www.caririemacao.com\/1\/wp-json\/wp\/v2\/posts"}],"about":[{"href":"https:\/\/www.caririemacao.com\/1\/wp-json\/wp\/v2\/types\/post"}],"author":[{"embeddable":true,"href":"https:\/\/www.caririemacao.com\/1\/wp-json\/wp\/v2\/users\/1"}],"replies":[{"embeddable":true,"href":"https:\/\/www.caririemacao.com\/1\/wp-json\/wp\/v2\/comments?post=150612"}],"version-history":[{"count":1,"href":"https:\/\/www.caririemacao.com\/1\/wp-json\/wp\/v2\/posts\/150612\/revisions"}],"predecessor-version":[{"id":150619,"href":"https:\/\/www.caririemacao.com\/1\/wp-json\/wp\/v2\/posts\/150612\/revisions\/150619"}],"wp:featuredmedia":[{"embeddable":true,"href":"https:\/\/www.caririemacao.com\/1\/wp-json\/wp\/v2\/media\/150618"}],"wp:attachment":[{"href":"https:\/\/www.caririemacao.com\/1\/wp-json\/wp\/v2\/media?parent=150612"}],"wp:term":[{"taxonomy":"category","embeddable":true,"href":"https:\/\/www.caririemacao.com\/1\/wp-json\/wp\/v2\/categories?post=150612"},{"taxonomy":"post_tag","embeddable":true,"href":"https:\/\/www.caririemacao.com\/1\/wp-json\/wp\/v2\/tags?post=150612"}],"curies":[{"name":"wp","href":"https:\/\/api.w.org\/{rel}","templated":true}]}}