{"id":150627,"date":"2020-01-31T13:22:05","date_gmt":"2020-01-31T16:22:05","guid":{"rendered":"http:\/\/www.caririemacao.com\/1\/?p=150627"},"modified":"2020-01-31T13:22:07","modified_gmt":"2020-01-31T16:22:07","slug":"governador-do-maranhao-flavio-dino-visitara-a-paraiba-para-fortalecer-pcdob","status":"publish","type":"post","link":"https:\/\/www.caririemacao.com\/1\/2020\/01\/31\/governador-do-maranhao-flavio-dino-visitara-a-paraiba-para-fortalecer-pcdob\/","title":{"rendered":"Governador do Maranh\u00e3o, Fl\u00e1vio Dino visitar\u00e1 a Para\u00edba para fortalecer PCdoB"},"content":{"rendered":"\n<p>O governador do Maranh\u00e3o e presidenci\u00e1vel, Fl\u00e1vio Dino do Partido Comunista Brasileiro (PCdoB), cumprir\u00e1 agenda na Para\u00edba para fortalecer o partido. A ideia \u00e9 usar a imagem do governador, que vem despontando como lideran\u00e7a da esquerda, para receber filia\u00e7\u00f5es de olho no pleito municipal.<\/p>\n\n\n\n<p>A presidente do PCdoB na Para\u00edba, Greg\u00f3ria Ben\u00e1rio e o pr\u00e9-candidato \u00e0 Prefeitura de Campina Grande, In\u00e1cio Falc\u00e3o, articulam o ato que dever\u00e1 ser divulgado nos pr\u00f3ximos dias.<\/p>\n\n\n\n<p>Na Para\u00edba, os comunistas se aliam prioritariamente com partidos de esquerda e centro-esquerda, como o PDT, PT, Rede, PSB e PV.<\/p>\n\n\n\n<p><em>Reda\u00e7\u00e3o Para\u00edba Debate<\/em><\/p>\n","protected":false},"excerpt":{"rendered":"<p>O governador do Maranh\u00e3o e presidenci\u00e1vel, Fl\u00e1vio Dino do Partido Comunista Brasileiro (PCdoB), cumprir\u00e1 agenda na Para\u00edba para fortalecer o partido. A ideia \u00e9 usar&hellip; <\/p>\n","protected":false},"author":1,"featured_media":150628,"comment_status":"closed","ping_status":"closed","sticky":false,"template":"","format":"standard","meta":{"sfsi_plus_gutenberg_text_before_share":"","sfsi_plus_gutenberg_show_text_before_share":"","sfsi_plus_gutenberg_icon_type":"","sfsi_plus_gutenberg_icon_alignemt":"","sfsi_plus_gutenburg_max_per_row":"","footnotes":""},"categories":[11],"tags":[],"class_list":["post-150627","post","type-post","status-publish","format-standard","has-post-thumbnail","hentry","category-politica"],"_links":{"self":[{"href":"https:\/\/www.caririemacao.com\/1\/wp-json\/wp\/v2\/posts\/150627","targetHints":{"allow":["GET"]}}],"collection":[{"href":"https:\/\/www.caririemacao.com\/1\/wp-json\/wp\/v2\/posts"}],"about":[{"href":"https:\/\/www.caririemacao.com\/1\/wp-json\/wp\/v2\/types\/post"}],"author":[{"embeddable":true,"href":"https:\/\/www.caririemacao.com\/1\/wp-json\/wp\/v2\/users\/1"}],"replies":[{"embeddable":true,"href":"https:\/\/www.caririemacao.com\/1\/wp-json\/wp\/v2\/comments?post=150627"}],"version-history":[{"count":1,"href":"https:\/\/www.caririemacao.com\/1\/wp-json\/wp\/v2\/posts\/150627\/revisions"}],"predecessor-version":[{"id":150629,"href":"https:\/\/www.caririemacao.com\/1\/wp-json\/wp\/v2\/posts\/150627\/revisions\/150629"}],"wp:featuredmedia":[{"embeddable":true,"href":"https:\/\/www.caririemacao.com\/1\/wp-json\/wp\/v2\/media\/150628"}],"wp:attachment":[{"href":"https:\/\/www.caririemacao.com\/1\/wp-json\/wp\/v2\/media?parent=150627"}],"wp:term":[{"taxonomy":"category","embeddable":true,"href":"https:\/\/www.caririemacao.com\/1\/wp-json\/wp\/v2\/categories?post=150627"},{"taxonomy":"post_tag","embeddable":true,"href":"https:\/\/www.caririemacao.com\/1\/wp-json\/wp\/v2\/tags?post=150627"}],"curies":[{"name":"wp","href":"https:\/\/api.w.org\/{rel}","templated":true}]}}