{"id":150631,"date":"2020-01-31T13:27:50","date_gmt":"2020-01-31T16:27:50","guid":{"rendered":"http:\/\/www.caririemacao.com\/1\/?p=150631"},"modified":"2020-01-31T13:27:52","modified_gmt":"2020-01-31T16:27:52","slug":"boa-noticia-estados-municipios-e-estatais-encerraram-2019-com-superavit","status":"publish","type":"post","link":"https:\/\/www.caririemacao.com\/1\/2020\/01\/31\/boa-noticia-estados-municipios-e-estatais-encerraram-2019-com-superavit\/","title":{"rendered":"Boa not\u00edcia: Estados, munic\u00edpios e estatais encerraram 2019 com super\u00e1vit"},"content":{"rendered":"\n<p>As contas de estados, munic\u00edpios e estatais encerraram 2019 no azul. O saldo positivo trouxe al\u00edvio parcial para o resultado prim\u00e1rio do setor p\u00fablico, que inclui o rombo do governo federal.<\/p>\n\n\n\n<p>De acordo com dados divulgados pelo BC (Banco Central) nesta sexta-feira (31), a diferen\u00e7a entre receitas e despesas em 2019 levou a um super\u00e1vit de R$ 15,2 bilh\u00f5es nos governos regionais e de R$ 11,8 bilh\u00f5es nas empresas p\u00fablicas.<\/p>\n\n\n\n<p>No governo federal, o saldo ficou negativo em R$ 88,9 bilh\u00f5es. A soma de todos os resultados levou a um d\u00e9ficit de R$ 61,9 bilh\u00f5es no setor p\u00fablico consolidado em 2019. \u00c9 o menor rombo registrado em cinco anos.<\/p>\n\n\n\n<p>Com isso, o governo cumpriu com folga a meta estabelecida para este ano, de d\u00e9ficit de R$ 132 bilh\u00f5es.<\/p>\n\n\n\n<p>O resultado veio dentro da previs\u00e3o feita pelo Tesouro Nacional no fim do ano passado. Em dezembro, o \u00f3rg\u00e3o afirmou que as receitas de concess\u00f5es de petr\u00f3leo e a dificuldade de minist\u00e9rios em gastar verbas originalmente previstas levariam o saldo consolidado do ano a um d\u00e9ficit entre R$ 60 bilh\u00f5es e R$ 80 bilh\u00f5es.<\/p>\n\n\n\n<p>No ano, o gasto nominal com juros da d\u00edvida p\u00fablica registrou queda, indo de R$ 379,2 bilh\u00f5es em 2018 para R$ 367,3 bilh\u00f5es em 2019.<\/p>\n\n\n\n<p>A d\u00edvida bruta do governo geral \u2013que inclui o governo federal, o INSS (Instituto Nacional do Seguro Social) e os governos estaduais e municipais\u2013 alcan\u00e7ou R$ 5,5 trilh\u00f5es. O saldo em rela\u00e7\u00e3o ao PIB (Produto Interno Bruto) tamb\u00e9m caiu. O recuo da d\u00edvida bruta foi de 0,8 ponto percentual, indo a R$ 75,8% do PIB.<\/p>\n\n\n\n<p>O dado das estatais no ano passado foi inflado por um aporte feito pelo governo e que surpreendeu inclusive t\u00e9cnicos do Minist\u00e9rio da Economia. Em 2019, a capitaliza\u00e7\u00e3o de empresas p\u00fablicas somou R$ 10,1 bilh\u00f5es, sendo R$ 7,6 bilh\u00f5es repassados em dezembro \u00e0 Emgepron (Empresa Gerencial de Projetos Navais) para a constru\u00e7\u00e3o de corvetas (navios militares).<\/p>\n\n\n\n<p>Esse repasse acabou ampliando o d\u00e9ficit fiscal do governo federal, ao mesmo tempo em que impulsionou o super\u00e1vit das estatais.<\/p>\n","protected":false},"excerpt":{"rendered":"<p>As contas de estados, munic\u00edpios e estatais encerraram 2019 no azul. O saldo positivo trouxe al\u00edvio parcial para o resultado prim\u00e1rio do setor p\u00fablico, que&hellip; <\/p>\n","protected":false},"author":1,"featured_media":150632,"comment_status":"closed","ping_status":"closed","sticky":false,"template":"","format":"standard","meta":{"sfsi_plus_gutenberg_text_before_share":"","sfsi_plus_gutenberg_show_text_before_share":"","sfsi_plus_gutenberg_icon_type":"","sfsi_plus_gutenberg_icon_alignemt":"","sfsi_plus_gutenburg_max_per_row":"","footnotes":""},"categories":[2],"tags":[],"class_list":["post-150631","post","type-post","status-publish","format-standard","has-post-thumbnail","hentry","category-geral"],"_links":{"self":[{"href":"https:\/\/www.caririemacao.com\/1\/wp-json\/wp\/v2\/posts\/150631","targetHints":{"allow":["GET"]}}],"collection":[{"href":"https:\/\/www.caririemacao.com\/1\/wp-json\/wp\/v2\/posts"}],"about":[{"href":"https:\/\/www.caririemacao.com\/1\/wp-json\/wp\/v2\/types\/post"}],"author":[{"embeddable":true,"href":"https:\/\/www.caririemacao.com\/1\/wp-json\/wp\/v2\/users\/1"}],"replies":[{"embeddable":true,"href":"https:\/\/www.caririemacao.com\/1\/wp-json\/wp\/v2\/comments?post=150631"}],"version-history":[{"count":1,"href":"https:\/\/www.caririemacao.com\/1\/wp-json\/wp\/v2\/posts\/150631\/revisions"}],"predecessor-version":[{"id":150633,"href":"https:\/\/www.caririemacao.com\/1\/wp-json\/wp\/v2\/posts\/150631\/revisions\/150633"}],"wp:featuredmedia":[{"embeddable":true,"href":"https:\/\/www.caririemacao.com\/1\/wp-json\/wp\/v2\/media\/150632"}],"wp:attachment":[{"href":"https:\/\/www.caririemacao.com\/1\/wp-json\/wp\/v2\/media?parent=150631"}],"wp:term":[{"taxonomy":"category","embeddable":true,"href":"https:\/\/www.caririemacao.com\/1\/wp-json\/wp\/v2\/categories?post=150631"},{"taxonomy":"post_tag","embeddable":true,"href":"https:\/\/www.caririemacao.com\/1\/wp-json\/wp\/v2\/tags?post=150631"}],"curies":[{"name":"wp","href":"https:\/\/api.w.org\/{rel}","templated":true}]}}