{"id":150635,"date":"2020-01-31T13:29:18","date_gmt":"2020-01-31T16:29:18","guid":{"rendered":"http:\/\/www.caririemacao.com\/1\/?p=150635"},"modified":"2020-01-31T13:29:19","modified_gmt":"2020-01-31T16:29:19","slug":"prazo-de-adesao-ao-simples-nacional-termina-hoje","status":"publish","type":"post","link":"https:\/\/www.caririemacao.com\/1\/2020\/01\/31\/prazo-de-adesao-ao-simples-nacional-termina-hoje\/","title":{"rendered":"Prazo de ades\u00e3o ao Simples Nacional termina hoje"},"content":{"rendered":"\n<p> As empresas que foram exclu\u00eddas do Simples Nacional e que pretendem retornar, assim como aquelas que nunca participaram, mas desejam ingressar no referido regime dever\u00e3o fazer sua op\u00e7\u00e3o at\u00e9 esta sexta-feira (31). A Secretaria da Receita Municipal de Jo\u00e3o Pessoa (Serem) alerta que a op\u00e7\u00e3o somente ser\u00e1 deferida se a empresa n\u00e3o apresentar pend\u00eancias no cadastro fiscal e nem possuir d\u00e9bito com o munic\u00edpio de Jo\u00e3o Pessoa ou com qualquer outro ente federado. Caso o empreendedor possua uma das pend\u00eancias mencionadas, dever\u00e1 regulariz\u00e1-la tamb\u00e9m at\u00e9\u00a0 o dia 31 de janeiro.<\/p>\n\n\n\n<p>A pend\u00eancia no cadastro fiscal do munic\u00edpio ocorre quando a empresa est\u00e1 funcionando sem inscri\u00e7\u00e3o ou com inscri\u00e7\u00e3o irregular, que ocorre, por exemplo, quando a empresa muda de endere\u00e7o e n\u00e3o regulariza sua situa\u00e7\u00e3o. Para optar pelo Simples Nacional, os interessados devem acessar o portal&nbsp;<a href=\"https:\/\/joaopessoa.us13.list-manage.com\/track\/click?u=6b8230288b203511692924965&amp;id=3017cb0d22&amp;e=eb8525bb30\" target=\"_blank\" rel=\"noreferrer noopener\">http:\/\/www8.receita.fazenda.gov.br\/SimplesNacional\/<\/a><\/p>\n\n\n\n<figure class=\"wp-block-image\"><img decoding=\"async\" data-src=\"https:\/\/paraibaonline.com.br\/wp-content\/uploads\/2018\/03\/simples2.jpg\" alt=\"Foto: ilustrativa\" class=\"wp-image-270712 lazyload\" src=\"data:image\/svg+xml;base64,PHN2ZyB3aWR0aD0iMSIgaGVpZ2h0PSIxIiB4bWxucz0iaHR0cDovL3d3dy53My5vcmcvMjAwMC9zdmciPjwvc3ZnPg==\" \/><\/figure>\n\n\n\n<p>Foto ilustrativa: Reprodu\u00e7\u00e3o<\/p>\n\n\n\n<p>De acordo com a coordenadora do Simples Nacional na Serem, Ana Hor\u00e1cio, os contribuintes interessados em optar pelo Simples e que possuem pend\u00eancias fiscais junto ao munic\u00edpio podem fazer o pagamento da d\u00edvida \u00e0 vista ou a prazo. Se o pagamento for feito \u00e0 vista, o contribuinte ter\u00e1 um desconto de 100% dos juros. Contudo, ela lembrou que a d\u00edvida pode ser parcelada em at\u00e9 180 meses, dependendo do valor. Neste caso, para que o d\u00e9bito seja regularizado, a primeira parcela dever\u00e1 ser paga at\u00e9 o dia 31\/01\/2020.<\/p>\n\n\n\n<p>\u201cSe a empresa possuir pend\u00eancia fiscal ou cadastral com qualquer um dos entes federados, sua op\u00e7\u00e3o n\u00e3o ser\u00e1 aceita. Por isso, as pend\u00eancias devem ser regularizadas com os munic\u00edpios, os Estados e a Receita Federal at\u00e9 o dia 31 de janeiro, prazo m\u00e1ximo para op\u00e7\u00e3o\u201d, alertou Ana Hor\u00e1cio.<\/p>\n\n\n\n<p>O Simples Nacional foi criado com o objetivo de estimular o empreendedorismo no Brasil, atrav\u00e9s da Lei Complementar 123\/2006 e entrou em vigor em julho de 2007. Neste regime, a cobran\u00e7a de oito tributos \u00e9 feita em um \u00fanico boleto, sendo seis tributos federais (IPPJ, IPI, PIS, Cofins, CSLL e CPP), um estadual (ICMS) e um municipal (ISS).<\/p>\n\n\n\n<p>Al\u00e9m da simplifica\u00e7\u00e3o no pagamento, o Simples Nacional tamb\u00e9m se constitui em um benef\u00edcio fiscal para as microempresas e empresas de pequeno porte, uma vez que promove uma redu\u00e7\u00e3o significativa da carga tribut\u00e1ria.<\/p>\n","protected":false},"excerpt":{"rendered":"<p>As empresas que foram exclu\u00eddas do Simples Nacional e que pretendem retornar, assim como aquelas que nunca participaram, mas desejam ingressar no referido regime dever\u00e3o&hellip; <\/p>\n","protected":false},"author":1,"featured_media":150636,"comment_status":"closed","ping_status":"closed","sticky":false,"template":"","format":"standard","meta":{"sfsi_plus_gutenberg_text_before_share":"","sfsi_plus_gutenberg_show_text_before_share":"","sfsi_plus_gutenberg_icon_type":"","sfsi_plus_gutenberg_icon_alignemt":"","sfsi_plus_gutenburg_max_per_row":"","footnotes":""},"categories":[2],"tags":[],"class_list":["post-150635","post","type-post","status-publish","format-standard","has-post-thumbnail","hentry","category-geral"],"_links":{"self":[{"href":"https:\/\/www.caririemacao.com\/1\/wp-json\/wp\/v2\/posts\/150635","targetHints":{"allow":["GET"]}}],"collection":[{"href":"https:\/\/www.caririemacao.com\/1\/wp-json\/wp\/v2\/posts"}],"about":[{"href":"https:\/\/www.caririemacao.com\/1\/wp-json\/wp\/v2\/types\/post"}],"author":[{"embeddable":true,"href":"https:\/\/www.caririemacao.com\/1\/wp-json\/wp\/v2\/users\/1"}],"replies":[{"embeddable":true,"href":"https:\/\/www.caririemacao.com\/1\/wp-json\/wp\/v2\/comments?post=150635"}],"version-history":[{"count":1,"href":"https:\/\/www.caririemacao.com\/1\/wp-json\/wp\/v2\/posts\/150635\/revisions"}],"predecessor-version":[{"id":150637,"href":"https:\/\/www.caririemacao.com\/1\/wp-json\/wp\/v2\/posts\/150635\/revisions\/150637"}],"wp:featuredmedia":[{"embeddable":true,"href":"https:\/\/www.caririemacao.com\/1\/wp-json\/wp\/v2\/media\/150636"}],"wp:attachment":[{"href":"https:\/\/www.caririemacao.com\/1\/wp-json\/wp\/v2\/media?parent=150635"}],"wp:term":[{"taxonomy":"category","embeddable":true,"href":"https:\/\/www.caririemacao.com\/1\/wp-json\/wp\/v2\/categories?post=150635"},{"taxonomy":"post_tag","embeddable":true,"href":"https:\/\/www.caririemacao.com\/1\/wp-json\/wp\/v2\/tags?post=150635"}],"curies":[{"name":"wp","href":"https:\/\/api.w.org\/{rel}","templated":true}]}}