{"id":150639,"date":"2020-01-31T13:31:06","date_gmt":"2020-01-31T16:31:06","guid":{"rendered":"http:\/\/www.caririemacao.com\/1\/?p=150639"},"modified":"2020-01-31T13:31:07","modified_gmt":"2020-01-31T16:31:07","slug":"veja-a-lista-dos-criminosos-mais-procurados-em-todo-o-brasil","status":"publish","type":"post","link":"https:\/\/www.caririemacao.com\/1\/2020\/01\/31\/veja-a-lista-dos-criminosos-mais-procurados-em-todo-o-brasil\/","title":{"rendered":"Veja a lista dos criminosos mais procurados em todo o Brasil"},"content":{"rendered":"\n<p>Minist\u00e9rio da Justi\u00e7a e Seguran\u00e7a P\u00fablica lan\u00e7ou ontem (30) uma lista com os 26 criminosos mais procurados no pa\u00eds. A lista, que ser\u00e1 permanente, envolve pessoas acusadas de crimes graves e violentos, que est\u00e3o com mandados de pris\u00e3o em aberto e s\u00e3o ligados a organiza\u00e7\u00f5es criminosas. A lista est\u00e1 dispon\u00edvel no&nbsp;<em>site<\/em>&nbsp;do minist\u00e9rio&nbsp;e ser\u00e1 atualizada mensalmente.<\/p>\n\n\n\n<p>\u201cS\u00e3o indiv\u00edduos extremamente perigosos, com mandados de pris\u00e3o, seja decorrente de condena\u00e7\u00e3o, seja decorrente de pris\u00f5es cautelares. Alguns deles, n\u00e3o se exclui a possibilidade, est\u00e3o foragidos no exterior, e a divulga\u00e7\u00e3o dessa lista tem a virtude de facilitar que esses indiv\u00edduos sejam encontrados e os mandados de pris\u00e3o sejam cumpridos\u201d , disse o ministro da Justi\u00e7a e Seguran\u00e7a P\u00fablica, Sergio Moro, na divulga\u00e7\u00e3o da lista.<\/p>\n\n\n\n<p>Segundo o minist\u00e9rio, a lista de procurados foi feita com base em informa\u00e7\u00f5es obtidas com as \u00e1reas de seguran\u00e7a estaduais e a partir de 11 crit\u00e9rios objetivos, como posi\u00e7\u00e3o de lideran\u00e7a em organiza\u00e7\u00e3o criminosa, capacidade financeira para investir em atividades criminosas, atua\u00e7\u00e3o interestadual e internacional, entre outras.<\/p>\n\n\n\n<figure class=\"wp-block-image\"><img decoding=\"async\" data-src=\"https:\/\/paraibaonline.com.br\/wp-content\/uploads\/2020\/01\/sergio-moro3101.jpg\" alt=\"Jos\u00e9 Cruz\/Ag\u00eancia Brasil\" class=\"wp-image-834083 lazyload\" src=\"data:image\/svg+xml;base64,PHN2ZyB3aWR0aD0iMSIgaGVpZ2h0PSIxIiB4bWxucz0iaHR0cDovL3d3dy53My5vcmcvMjAwMC9zdmciPjwvc3ZnPg==\" \/><\/figure>\n\n\n\n<p>Foto: Jos\u00e9 Cruz\/Ag\u00eancia Brasil<\/p>\n\n\n\n<p>Segundo Moro, a lista \u00e9 importante para facilitar as pris\u00f5es dos criminosos para que possam cumprir as penas e &nbsp;enfraquecer a atua\u00e7\u00e3o dos criminosos.<\/p>\n\n\n\n<p>De acordo com os n\u00fameros mais recentes do minist\u00e9rio, o pa\u00eds registrou queda de 21,4% nos homic\u00eddios nos primeiros nove meses de 2019, em compara\u00e7\u00e3o com o igual per\u00edodo de 2018. No mesmo per\u00edodo, tamb\u00e9m houve queda em outros \u00edndices de criminalidade, como ocorr\u00eancias envolvendo estupro (6,4%), roubo a banco (38,4%), latroc\u00ednio (22,2%), roubo de cargas (23,3%) e roubo de ve\u00edculos (26,4%).<\/p>\n\n\n\n<p>As informa\u00e7\u00f5es sobre os \u00edndices de criminalidade est\u00e3o dispon\u00edveis na&nbsp;<a href=\"https:\/\/www.justica.gov.br\/sua-seguranca\/seguranca-publica\/sinesp-1\/bi\/dados-seguranca-publica\" target=\"_blank\" rel=\"noreferrer noopener\">plataforma eletr\u00f4nica Sinesp<\/a>, no&nbsp;<em>site&nbsp;<\/em>do Minist\u00e9rio da Justi\u00e7a. A partir de hoje, as ocorr\u00eancias de homic\u00eddios registradas em todos os munic\u00edpios do pa\u00eds ser\u00e3o inseridas no sistema e poder\u00e3o ser consultadas. At\u00e9 o momento, os dados referem-se ao per\u00edodo entre janeiro de 2018 e setembro de 2019.<\/p>\n","protected":false},"excerpt":{"rendered":"<p>Minist\u00e9rio da Justi\u00e7a e Seguran\u00e7a P\u00fablica lan\u00e7ou ontem (30) uma lista com os 26 criminosos mais procurados no pa\u00eds. A lista, que ser\u00e1 permanente, envolve&hellip; <\/p>\n","protected":false},"author":1,"featured_media":83725,"comment_status":"closed","ping_status":"closed","sticky":false,"template":"","format":"standard","meta":{"sfsi_plus_gutenberg_text_before_share":"","sfsi_plus_gutenberg_show_text_before_share":"","sfsi_plus_gutenberg_icon_type":"","sfsi_plus_gutenberg_icon_alignemt":"","sfsi_plus_gutenburg_max_per_row":"","footnotes":""},"categories":[12],"tags":[],"class_list":["post-150639","post","type-post","status-publish","format-standard","has-post-thumbnail","hentry","category-policia"],"_links":{"self":[{"href":"https:\/\/www.caririemacao.com\/1\/wp-json\/wp\/v2\/posts\/150639","targetHints":{"allow":["GET"]}}],"collection":[{"href":"https:\/\/www.caririemacao.com\/1\/wp-json\/wp\/v2\/posts"}],"about":[{"href":"https:\/\/www.caririemacao.com\/1\/wp-json\/wp\/v2\/types\/post"}],"author":[{"embeddable":true,"href":"https:\/\/www.caririemacao.com\/1\/wp-json\/wp\/v2\/users\/1"}],"replies":[{"embeddable":true,"href":"https:\/\/www.caririemacao.com\/1\/wp-json\/wp\/v2\/comments?post=150639"}],"version-history":[{"count":1,"href":"https:\/\/www.caririemacao.com\/1\/wp-json\/wp\/v2\/posts\/150639\/revisions"}],"predecessor-version":[{"id":150640,"href":"https:\/\/www.caririemacao.com\/1\/wp-json\/wp\/v2\/posts\/150639\/revisions\/150640"}],"wp:featuredmedia":[{"embeddable":true,"href":"https:\/\/www.caririemacao.com\/1\/wp-json\/wp\/v2\/media\/83725"}],"wp:attachment":[{"href":"https:\/\/www.caririemacao.com\/1\/wp-json\/wp\/v2\/media?parent=150639"}],"wp:term":[{"taxonomy":"category","embeddable":true,"href":"https:\/\/www.caririemacao.com\/1\/wp-json\/wp\/v2\/categories?post=150639"},{"taxonomy":"post_tag","embeddable":true,"href":"https:\/\/www.caririemacao.com\/1\/wp-json\/wp\/v2\/tags?post=150639"}],"curies":[{"name":"wp","href":"https:\/\/api.w.org\/{rel}","templated":true}]}}