{"id":150642,"date":"2020-01-31T13:32:28","date_gmt":"2020-01-31T16:32:28","guid":{"rendered":"http:\/\/www.caririemacao.com\/1\/?p=150642"},"modified":"2020-01-31T13:32:30","modified_gmt":"2020-01-31T16:32:30","slug":"paraiba-tera-25-leitos-em-tres-hospitais-para-atender-casos-suspeitos-de-coronavirus","status":"publish","type":"post","link":"https:\/\/www.caririemacao.com\/1\/2020\/01\/31\/paraiba-tera-25-leitos-em-tres-hospitais-para-atender-casos-suspeitos-de-coronavirus\/","title":{"rendered":"Para\u00edba ter\u00e1 25 leitos em tr\u00eas hospitais para atender casos suspeitos de Coronav\u00edrus"},"content":{"rendered":"\n<p> O secret\u00e1rio de Sa\u00fade do Estado da Para\u00edba, Geraldo Medeiros, concedeu uma entrevista coletiva na manh\u00e3 desta sexta-feira (31) para detalhar o plano de a\u00e7\u00e3o que ser\u00e1 adotado em poss\u00edveis casos suspeitos de Coronav\u00edrus. Ao todo, o Estado da Para\u00edba ter\u00e1 25 leitos disponibilizados para atender casos suspeitos de Coronav\u00edrus em tr\u00eas hospitais.<\/p>\n\n\n\n<p>Estes leitos, tanto na enfermaria quanto na Unidade de Terapia Intensiva (UTI) ser\u00e3o isolados dos demais leitos nos tr\u00eas hospitais designados para receber os pacientes.<\/p>\n\n\n\n<p>Os hospitais de refer\u00eancia para tratar poss\u00edveis casos de Coronav\u00edrus na Para\u00edba s\u00e3o o Complexo Hospitalar Clementino Fraga, em Jo\u00e3o Pessoa, o Hospital Universit\u00e1rio Lauro Wanderley, tamb\u00e9m na capital, e Hospital Universit\u00e1rio Alcides Carneiro, em Campina Grande.<\/p>\n\n\n\n<p>Em Campina Grande, ser\u00e3o disponibilizados dois leitos de enfermaria e um de Unidade de Terapia Intensiva (UTI). No Hospital Universit\u00e1rio de Jo\u00e3o Pessoa ser\u00e3o tr\u00eas leitos de enfermaria e um na UTI infantil. J\u00e1 o Complexo Hospitalar Clementino Fraga, ter\u00e1 o maior n\u00famero de leitos dispon\u00edveis, chegando ao total de 18 na enfermaria. O HU de Jo\u00e3o Pessoa receber\u00e1 somente casos infantis.<\/p>\n\n\n\n<p>Geraldo Medeiros ressaltou que \u00e9 necess\u00e1ria transpar\u00eancia nesse momento. \u201c\u00c9 uma pandemia que j\u00e1 se estabeleceu em 20 pa\u00edses, quatro continentes e \u00e9 esperado que as autoridades sanit\u00e1rias montem todo esse esquema de preparo, alerta aos profissionais de sa\u00fade\u201d, comentou o secret\u00e1rio de Sa\u00fade.<br><\/p>\n\n\n\n<p>Questionado, o secret\u00e1rio de Sa\u00fade ainda afirmou que considera que&nbsp;&#8220;os leitos, dentro de um contexto de 4 milh\u00f5es e 100 mil pessoas, achamos que os leitos dispon\u00edveis s\u00e3o suficientes&#8221;.<\/p>\n\n\n\n<p>Os sintomas do novo Coronav\u00edrus s\u00e3o febre, tosse e desconforto respirat\u00f3rio. A Secretaria de Sa\u00fade alerta que n\u00e3o \u00e9 necess\u00e1rio procurar atendimento s\u00f3 por sintomas de gripe. O&nbsp;atendimento m\u00e9dico deve ser buscado se, al\u00e9m dos sintomas, tiver havido contato com algum caso suspeito ou com pessoas oriundas da China em at\u00e9&nbsp;16 dias, que \u00e9 o tempo m\u00e1ximo de incuba\u00e7\u00e3o do v\u00edrus.<\/p>\n\n\n\n<p>Como se trata de um novo coronav\u00edrus, ainda n\u00e3o existe um tratamento espec\u00edfico contra a doen\u00e7a, o tratamento \u00e9 apenas de suporte. Geraldo Medeiros explicou que os pacientes apresentam n\u00edveis variados de desconforto respirat\u00f3rio e, em alguns casos, precisam de ventila\u00e7\u00e3o mec\u00e2nica, que poder\u00e1 ser feita nessas unidades hospitalares.<br><\/p>\n\n\n\n<p>O monitoramento no Porto de Cabedelo e no Aeroporto Castro Pinto, na Regi\u00e3o Metropolitana de Jo\u00e3o Pessoa ser\u00e1 intensificado, de acordo com a equipe da Secretaria de Sa\u00fade. Al\u00e9m disso, ser\u00e3o feitas capacita\u00e7\u00f5es dos profissionais de sa\u00fade que lidam diretamente com o diagn\u00f3stico dos pacientes.<br><\/p>\n\n\n\n<figure><iframe data-src=\"https:\/\/www.youtube.com\/embed\/fv3bBcDkVl8\" allowfullscreen=\"\" width=\"655\" height=\"360\" src=\"data:image\/svg+xml;base64,PHN2ZyB3aWR0aD0iMSIgaGVpZ2h0PSIxIiB4bWxucz0iaHR0cDovL3d3dy53My5vcmcvMjAwMC9zdmciPjwvc3ZnPg==\" class=\"lazyload\" data-load-mode=\"1\"><\/iframe><\/figure>\n","protected":false},"excerpt":{"rendered":"<p>O secret\u00e1rio de Sa\u00fade do Estado da Para\u00edba, Geraldo Medeiros, concedeu uma entrevista coletiva na manh\u00e3 desta sexta-feira (31) para detalhar o plano de a\u00e7\u00e3o&hellip; <\/p>\n","protected":false},"author":1,"featured_media":150644,"comment_status":"closed","ping_status":"closed","sticky":false,"template":"","format":"standard","meta":{"sfsi_plus_gutenberg_text_before_share":"","sfsi_plus_gutenberg_show_text_before_share":"","sfsi_plus_gutenberg_icon_type":"","sfsi_plus_gutenberg_icon_alignemt":"","sfsi_plus_gutenburg_max_per_row":"","footnotes":""},"categories":[2],"tags":[],"class_list":["post-150642","post","type-post","status-publish","format-standard","has-post-thumbnail","hentry","category-geral"],"_links":{"self":[{"href":"https:\/\/www.caririemacao.com\/1\/wp-json\/wp\/v2\/posts\/150642","targetHints":{"allow":["GET"]}}],"collection":[{"href":"https:\/\/www.caririemacao.com\/1\/wp-json\/wp\/v2\/posts"}],"about":[{"href":"https:\/\/www.caririemacao.com\/1\/wp-json\/wp\/v2\/types\/post"}],"author":[{"embeddable":true,"href":"https:\/\/www.caririemacao.com\/1\/wp-json\/wp\/v2\/users\/1"}],"replies":[{"embeddable":true,"href":"https:\/\/www.caririemacao.com\/1\/wp-json\/wp\/v2\/comments?post=150642"}],"version-history":[{"count":1,"href":"https:\/\/www.caririemacao.com\/1\/wp-json\/wp\/v2\/posts\/150642\/revisions"}],"predecessor-version":[{"id":150645,"href":"https:\/\/www.caririemacao.com\/1\/wp-json\/wp\/v2\/posts\/150642\/revisions\/150645"}],"wp:featuredmedia":[{"embeddable":true,"href":"https:\/\/www.caririemacao.com\/1\/wp-json\/wp\/v2\/media\/150644"}],"wp:attachment":[{"href":"https:\/\/www.caririemacao.com\/1\/wp-json\/wp\/v2\/media?parent=150642"}],"wp:term":[{"taxonomy":"category","embeddable":true,"href":"https:\/\/www.caririemacao.com\/1\/wp-json\/wp\/v2\/categories?post=150642"},{"taxonomy":"post_tag","embeddable":true,"href":"https:\/\/www.caririemacao.com\/1\/wp-json\/wp\/v2\/tags?post=150642"}],"curies":[{"name":"wp","href":"https:\/\/api.w.org\/{rel}","templated":true}]}}