{"id":150650,"date":"2020-01-31T13:36:22","date_gmt":"2020-01-31T16:36:22","guid":{"rendered":"http:\/\/www.caririemacao.com\/1\/?p=150650"},"modified":"2020-01-31T13:36:24","modified_gmt":"2020-01-31T16:36:24","slug":"moro-poupa-miliciano-ligado-a-flavio-bolsonaro-de-lista-de-mais-procurados","status":"publish","type":"post","link":"https:\/\/www.caririemacao.com\/1\/2020\/01\/31\/moro-poupa-miliciano-ligado-a-flavio-bolsonaro-de-lista-de-mais-procurados\/","title":{"rendered":"Moro poupa miliciano ligado a Fl\u00e1vio Bolsonaro de lista de mais procurados"},"content":{"rendered":"\n<p>O Minist\u00e9rio da Justi\u00e7a e Seguran\u00e7a P\u00fablica n\u00e3o incluiu na lista dos mais procurados do Brasil o ex-capit\u00e3o Adriano da N\u00f3brega, acusado de comandar a mais antiga mil\u00edcia do Rio de Janeiro e suspeito de integrar um grupo de assassinos profissionais do estado.<\/p>\n\n\n\n<p>Foragido h\u00e1 mais de um ano, o ex-PM tamb\u00e9m \u00e9 citado na investiga\u00e7\u00e3o que apura a pr\u00e1tica de &#8220;rachadinha&#8221; no antigo gabinete do senador Fl\u00e1vio Bolsonaro (sem partido-RJ) na Alerj (Assembleia Legislativa do Rio de Janeiro).<\/p>\n\n\n\n<p>De acordo com o Minist\u00e9rio P\u00fablico, contas banc\u00e1rias controladas por ele foram usadas para abastecer Fabr\u00edcio Queiroz, ex-assessor do senador, suposto operador do esquema no gabinete do filho do presidente Jair Bolsonaro. Queiroz \u00e9 amigo do presidente da Rep\u00fablica.<\/p>\n\n\n\n<p>Adriano teve duas parentes nomeadas no antigo gabinete do senador Fl\u00e1vio. Mensagens interceptadas com autoriza\u00e7\u00e3o judicial mostram ele discutindo a exonera\u00e7\u00e3o da mulher, Danielle da N\u00f3brega, do cargo.<\/p>\n\n\n\n<p>Ele tamb\u00e9m foi defendido pelo presidente Jair Bolsonaro em discurso na C\u00e2mara dos Deputados, em 2005, quando foi condenado por um homic\u00eddio. O ex-capit\u00e3o seria absolvido depois em novo julgamento.<\/p>\n\n\n\n<p>Enquanto estava preso preventivamente pelo crime, foi condecorado por Fl\u00e1vio com a Medalha Tiradentes.<\/p>\n\n\n\n<p>O ministro S\u00e9rgio Moro divulgou a lista sem o acusado em sua rede social. &#8220;A SEOPI\/MJSP [Secretaria de Opera\u00e7\u00f5es Integradas da pasta] elaborou, com crit\u00e9rios t\u00e9cnicos e consulta aos Estados, a lista dos criminosos mais procurados. A lista ajudar\u00e1 na captura, e segue a orienta\u00e7\u00e3o do PR @jairbolsonaro de sermos firmes contra o crime organizado&#8221;, diz o texto no perfil do ministro no Twitter.<\/p>\n\n\n\n<p>De acordo com o Minist\u00e9rio da Justi\u00e7a, o ex-capit\u00e3o n\u00e3o foi inclu\u00eddo porque &#8220;as acusa\u00e7\u00f5es contra ele n\u00e3o possuem car\u00e1ter interestadual, requisito essencial para figurar no banco de criminosos de car\u00e1ter nacional&#8221;.<\/p>\n\n\n\n<p>De fato, 25 dos 27 que comp\u00f5em a lista s\u00e3o apresentados pelo minist\u00e9rio como tendo uma atua\u00e7\u00e3o regional ou nacional.<\/p>\n\n\n\n<p>H\u00e1 na lista de Moro, por\u00e9m, dois integrantes de uma mil\u00edcia de outro bairro da zona oeste. Em seus perfis publicados na p\u00e1gina da pasta, sua \u00e1rea de atua\u00e7\u00e3o indicada \u00e9 apenas o Rio de Janeiro. S\u00e3o eles: Wellington da Silva Braga, o Ecko, e Danilo Dias Lima, o Tandera, seu bra\u00e7o direito. Os dois atuavam em Campo Grande.<\/p>\n\n\n\n<p>N\u00e3o \u00e9 a primeira vez que o ex-PM fica fora de uma lista de foragidos. Ele esteve por meses fora do programa &#8220;Procurados&#8221;, do Disque-Den\u00fancia, que oferece recompensa pela informa\u00e7\u00e3o de criminosos. Sua inclus\u00e3o ocorreu apenas depois de o jornal Folha de S.Paulo apontar a aus\u00eancia.<\/p>\n\n\n\n<p>Adriano \u00e9 investigado de participa\u00e7\u00e3o em diversos homic\u00eddios no Rio de Janeiro, suspeito de ser s\u00f3cio no jogo de m\u00e1quinas ca\u00e7a-n\u00edqueis e chamado de &#8220;patr\u00e3o&#8221; por integrantes da mil\u00edcia de Rio das Pedras, a mais antiga e estruturada do Rio de Janeiro.<br>Ele est\u00e1 foragido desde janeiro de 2019 quando foi deflagrada a Opera\u00e7\u00e3o Os Intoc\u00e1veis, contra acusados de integrar a mil\u00edcia de Rio das Pedras.<\/p>\n\n\n\n<p>Meses antes da opera\u00e7\u00e3o, ele trocou mensagens com a mulher Danielle da N\u00f3brega sobre sua exonera\u00e7\u00e3o do cargo. Quando a ex-assessora de Fl\u00e1vio se queixa de sua exonera\u00e7\u00e3o em novembro, Adriano afirma que &#8220;contava com o que vinha do seu tmbm [tamb\u00e9m]&#8221;. Para o Minist\u00e9rio P\u00fablico, a frase revela que o ex-capit\u00e3o tamb\u00e9m ficava com parte do sal\u00e1rio dela.<\/p>\n\n\n\n<p>Em outro di\u00e1logo, Adriano afirma que iria conversar com Queiroz sobre a exonera\u00e7\u00e3o, a fim de evit\u00e1-la. O ex-assessor de Fl\u00e1vio \u00e9 chamado apenas de &#8220;amigo&#8221;.<\/p>\n\n\n\n<p>Apesar das transa\u00e7\u00f5es financeiras, as mensagens tamb\u00e9m mostram que a fam\u00edlia Bolsonaro se preocupava com a eventual vincula\u00e7\u00e3o do gabinete de Fl\u00e1vio com o ex-capit\u00e3o.<\/p>\n\n\n\n<p>&#8220;Sobre seu sobrenome&#8230; N\u00e3o querem correrem risco, tendo em vista que est\u00e3o concorrendo e visibilidade que est\u00e3o. Eu disse que vc est\u00e1 separada e est\u00e1 se divorciando&#8221;, escreveu Queiroz para Danielle em dezembro de 2017.<\/p>\n\n\n\n<p>A ex-assessora explica que permanecem casados, mas &#8220;separados de corpos&#8221; e pede para ser mantida no cargo. Ela ficou at\u00e9 novembro de 2018.<\/p>\n\n\n\n<p>Na ocasi\u00e3o desta troca de mensagens, Adriano n\u00e3o era considerado foragido e n\u00e3o respondia mais a a\u00e7\u00f5es penais. Ele j\u00e1 havia sido expulso da Pol\u00edcia Militar em 2014 porque, para a corpora\u00e7\u00e3o, ele atuou como seguran\u00e7a de um bicheiro.<\/p>\n\n\n\n<p>N\u00e3o h\u00e1 nas mensagens nenhuma indica\u00e7\u00e3o de que Queiroz e a fam\u00edlia Bolsonaro soubessem da atua\u00e7\u00e3o de Adriano com a mil\u00edcia de Rio das Pedras.<\/p>\n","protected":false},"excerpt":{"rendered":"<p>O Minist\u00e9rio da Justi\u00e7a e Seguran\u00e7a P\u00fablica n\u00e3o incluiu na lista dos mais procurados do Brasil o ex-capit\u00e3o Adriano da N\u00f3brega, acusado de comandar a&hellip; <\/p>\n","protected":false},"author":1,"featured_media":129667,"comment_status":"closed","ping_status":"closed","sticky":false,"template":"","format":"standard","meta":{"sfsi_plus_gutenberg_text_before_share":"","sfsi_plus_gutenberg_show_text_before_share":"","sfsi_plus_gutenberg_icon_type":"","sfsi_plus_gutenberg_icon_alignemt":"","sfsi_plus_gutenburg_max_per_row":"","footnotes":""},"categories":[2],"tags":[],"class_list":["post-150650","post","type-post","status-publish","format-standard","has-post-thumbnail","hentry","category-geral"],"_links":{"self":[{"href":"https:\/\/www.caririemacao.com\/1\/wp-json\/wp\/v2\/posts\/150650","targetHints":{"allow":["GET"]}}],"collection":[{"href":"https:\/\/www.caririemacao.com\/1\/wp-json\/wp\/v2\/posts"}],"about":[{"href":"https:\/\/www.caririemacao.com\/1\/wp-json\/wp\/v2\/types\/post"}],"author":[{"embeddable":true,"href":"https:\/\/www.caririemacao.com\/1\/wp-json\/wp\/v2\/users\/1"}],"replies":[{"embeddable":true,"href":"https:\/\/www.caririemacao.com\/1\/wp-json\/wp\/v2\/comments?post=150650"}],"version-history":[{"count":1,"href":"https:\/\/www.caririemacao.com\/1\/wp-json\/wp\/v2\/posts\/150650\/revisions"}],"predecessor-version":[{"id":150651,"href":"https:\/\/www.caririemacao.com\/1\/wp-json\/wp\/v2\/posts\/150650\/revisions\/150651"}],"wp:featuredmedia":[{"embeddable":true,"href":"https:\/\/www.caririemacao.com\/1\/wp-json\/wp\/v2\/media\/129667"}],"wp:attachment":[{"href":"https:\/\/www.caririemacao.com\/1\/wp-json\/wp\/v2\/media?parent=150650"}],"wp:term":[{"taxonomy":"category","embeddable":true,"href":"https:\/\/www.caririemacao.com\/1\/wp-json\/wp\/v2\/categories?post=150650"},{"taxonomy":"post_tag","embeddable":true,"href":"https:\/\/www.caririemacao.com\/1\/wp-json\/wp\/v2\/tags?post=150650"}],"curies":[{"name":"wp","href":"https:\/\/api.w.org\/{rel}","templated":true}]}}