{"id":150653,"date":"2020-01-31T13:38:53","date_gmt":"2020-01-31T16:38:53","guid":{"rendered":"http:\/\/www.caririemacao.com\/1\/?p=150653"},"modified":"2020-01-31T13:38:55","modified_gmt":"2020-01-31T16:38:55","slug":"pressao-de-sertanejos-pelo-fim-de-meia-entrada-gera-protestos-de-fas","status":"publish","type":"post","link":"https:\/\/www.caririemacao.com\/1\/2020\/01\/31\/pressao-de-sertanejos-pelo-fim-de-meia-entrada-gera-protestos-de-fas\/","title":{"rendered":"Press\u00e3o de sertanejos pelo fim de meia-entrada gera protestos de f\u00e3s"},"content":{"rendered":"\n<p> Do dia para a noite, os sertanejos se tornaram os &#8220;vil\u00f5es&#8221; da meia-entrada. Durante a visita de artistas ao presidente Jair Bolsonaro na quarta-feira (29), o eventual fim do benef\u00edcio a estudantes e pessoas de baixa renda, garantido pela Constitui\u00e7\u00e3o, entrou na discuss\u00e3o e praticamente obrigou os cantores a se retratarem com o p\u00fablico nas redes sociais.<\/p>\n\n\n\n<p>O tema foi abordado por Doreni Caramori, presidente da Abrape (Associa\u00e7\u00e3o Brasileira dos Promotores de Eventos). Convidado por sertanejos para levar ao presidente as reivindica\u00e7\u00f5es do setor, o empres\u00e1rio discursou por aproximadamente cinco minutos e reclamou que a meia-entrada desequilibra a cadeia produtiva de shows no Brasil.<br>Foi o suficiente para os cantores que estiveram presentes -e outros que n\u00e3o foram mas teriam confirmado presen\u00e7a de acordo com a lista divulgada pela Secretaria Especial de Comunica\u00e7\u00e3o Social do governo- serem criticados por f\u00e3s inconformados com a suposta ideia de extinguir a meia-entrada.<\/p>\n\n\n\n<p>Procurado pela reportagem, o representante dos promotores nega ter pedido o fim do benef\u00edcio e reclama que o debate foi &#8220;descontextualizado&#8221;.<\/p>\n\n\n\n<p>&#8220;Os sertanejos e todos os outros produtores n\u00e3o foram pedir para acabar com a meia-entrada, foram para dizer que do jeito que est\u00e1, o benef\u00edcio n\u00e3o \u00e9 sustent\u00e1vel. O que prejudicou o debate foi, primeiro, a descontextualiza\u00e7\u00e3o. Segundo, o fato de n\u00e3o ter sido apresentado nada tecnicamente, foi s\u00f3 um diagn\u00f3stico. Terceiro, e principalmente, \u00e9 que quem debateu n\u00e3o foram os interlocutores que dever\u00e3o debater esse processo, que s\u00e3o os parlamentares, e sim os beneficiados. O debate n\u00e3o est\u00e1 sendo feito tecnicamente, mas emocionalmente por quem n\u00e3o quer perder o benef\u00edcio criticando aqueles que arcam com ele&#8221;, justifica Caramori.<\/p>\n\n\n\n<p>&#8220;Vai chegar o momento em que as pessoas n\u00e3o v\u00e3o nos colocar como vil\u00f5es da meia-entrada, mas como her\u00f3is, porque at\u00e9 hoje s\u00f3 quem arcou com os custos foram os produtores&#8221;, completa.<\/p>\n\n\n\n<p>&#8220;Quando eu disse que &#8216;\u00e9 preciso corrigir essa injusti\u00e7a hist\u00f3rica&#8217;, quis dizer que injusti\u00e7a hist\u00f3rica \u00e9 uma interfer\u00eancia na cadeia produtiva sem nenhum tipo de compensa\u00e7\u00e3o&#8221;, afirma o chefe da Abrape.<\/p>\n\n\n\n<p>Preocupados com a repercuss\u00e3o negativa a respeito do suposto apoio ao &#8220;fim&#8221; da meia-entrada, artistas presentes na lista da Secom desmentiram o posicionamento.<\/p>\n\n\n\n<p>&#8220;N\u00e3o estamos nem sabendo dessa lista e se soubesse n\u00e3o assinar\u00edamos jamais&#8221;, responderam Matheus &amp; Kauan a um seguidor. &#8220;Estou por fora de qualquer assunto pol\u00edtico que esteja em discuss\u00e3o no momento; n\u00e3o declarei apoio a nada relacionado&#8221;, publicou Israel Novaes.<\/p>\n\n\n\n<p>&#8220;Para o f\u00e3 do artista, n\u00e3o tem como n\u00e3o reclamar, e eu entendo, \u00e9 dif\u00edcil perder o benef\u00edcio. As pessoas ainda n\u00e3o entendem o tamanho do problema porque a gente n\u00e3o cobra meio cach\u00ea ou aluga meio gerador. Apesar de a receita ser a metade, no caso dos benef\u00edcios, as nossas despesas s\u00e3o pagas integralmente, nos colocando muitas vezes at\u00e9 em preju\u00edzo&#8221;, argumenta Caramori.<\/p>\n\n\n\n<p>As principais queixas dos produtores representados pelo presidente da Abrape est\u00e3o em mudan\u00e7as na reforma trabalhista, nos direitos autorais e na venda de ingressos.<br>Pela lei 12.933, sancionada em 2013, 40% dos ingressos de qualquer evento devem ser destinados a meias-entradas. Eles tamb\u00e9m precisam se submeter \u00e0s legisla\u00e7\u00f5es estadual e municipal.<\/p>\n\n\n\n<p>O l\u00edder da entidade sugere uma compensa\u00e7\u00e3o semelhante aos subs\u00eddios dados pelo governo a outros setores. &#8220;O setor n\u00e3o tem uma proposta debatida, mas h\u00e1 in\u00fameros exemplos nas outras cadeias produtivas que podem ser usados. No hor\u00e1rio eleitoral, o governo compensa as r\u00e1dios e TVs por fornecerem o espa\u00e7o. Carros deixam de pagar parte do IPI para vender com pre\u00e7o diferenciado para t\u00e1xi, frotista e deficiente f\u00edsico. H\u00e1 modelos em que podemos nos inspirar&#8221;, argumenta.<\/p>\n\n\n\n<p>&#8220;A lei fala em inclus\u00e3o mas acaba excluindo uma maioria que paga mais para tentar equilibrar a conta e beneficiar uma minoria. O que n\u00e3o faz nenhum sentido \u00e9 o cidad\u00e3o deixar de pagar R$ 100 e pagar R$ 50 porque o Estado me obriga, e na hora de eu pagar o imposto sobre esse show eu ter que pagar tudo. \u00c9 sobre esse tema que devemos nos debru\u00e7ar tecnicamente, n\u00f3s e o governo&#8221;, prop\u00f5e Caramori.<br><\/p>\n","protected":false},"excerpt":{"rendered":"<p>Do dia para a noite, os sertanejos se tornaram os &#8220;vil\u00f5es&#8221; da meia-entrada. Durante a visita de artistas ao presidente Jair Bolsonaro na quarta-feira (29),&hellip; <\/p>\n","protected":false},"author":1,"featured_media":150654,"comment_status":"closed","ping_status":"closed","sticky":false,"template":"","format":"standard","meta":{"sfsi_plus_gutenberg_text_before_share":"","sfsi_plus_gutenberg_show_text_before_share":"","sfsi_plus_gutenberg_icon_type":"","sfsi_plus_gutenberg_icon_alignemt":"","sfsi_plus_gutenburg_max_per_row":"","footnotes":""},"categories":[2],"tags":[],"class_list":["post-150653","post","type-post","status-publish","format-standard","has-post-thumbnail","hentry","category-geral"],"_links":{"self":[{"href":"https:\/\/www.caririemacao.com\/1\/wp-json\/wp\/v2\/posts\/150653","targetHints":{"allow":["GET"]}}],"collection":[{"href":"https:\/\/www.caririemacao.com\/1\/wp-json\/wp\/v2\/posts"}],"about":[{"href":"https:\/\/www.caririemacao.com\/1\/wp-json\/wp\/v2\/types\/post"}],"author":[{"embeddable":true,"href":"https:\/\/www.caririemacao.com\/1\/wp-json\/wp\/v2\/users\/1"}],"replies":[{"embeddable":true,"href":"https:\/\/www.caririemacao.com\/1\/wp-json\/wp\/v2\/comments?post=150653"}],"version-history":[{"count":1,"href":"https:\/\/www.caririemacao.com\/1\/wp-json\/wp\/v2\/posts\/150653\/revisions"}],"predecessor-version":[{"id":150655,"href":"https:\/\/www.caririemacao.com\/1\/wp-json\/wp\/v2\/posts\/150653\/revisions\/150655"}],"wp:featuredmedia":[{"embeddable":true,"href":"https:\/\/www.caririemacao.com\/1\/wp-json\/wp\/v2\/media\/150654"}],"wp:attachment":[{"href":"https:\/\/www.caririemacao.com\/1\/wp-json\/wp\/v2\/media?parent=150653"}],"wp:term":[{"taxonomy":"category","embeddable":true,"href":"https:\/\/www.caririemacao.com\/1\/wp-json\/wp\/v2\/categories?post=150653"},{"taxonomy":"post_tag","embeddable":true,"href":"https:\/\/www.caririemacao.com\/1\/wp-json\/wp\/v2\/tags?post=150653"}],"curies":[{"name":"wp","href":"https:\/\/api.w.org\/{rel}","templated":true}]}}