{"id":150659,"date":"2020-01-31T13:44:35","date_gmt":"2020-01-31T16:44:35","guid":{"rendered":"http:\/\/www.caririemacao.com\/1\/?p=150659"},"modified":"2020-01-31T13:44:37","modified_gmt":"2020-01-31T16:44:37","slug":"projeto-banda-na-praca-realiza-apresentacao-em-monteiro","status":"publish","type":"post","link":"https:\/\/www.caririemacao.com\/1\/2020\/01\/31\/projeto-banda-na-praca-realiza-apresentacao-em-monteiro\/","title":{"rendered":"Projeto Banda na Pra\u00e7a realiza apresenta\u00e7\u00e3o em Monteiro"},"content":{"rendered":"\n<p> O Projeto Banda na Pra\u00e7a realizou a primeira apresenta\u00e7\u00e3o do ano na noite desta quinta-feira, 30, na Pra\u00e7a Jo\u00e3o Pessoa em Monteiro.<\/p>\n\n\n\n<p>A prefeitura Municipal de Monteiro, atrav\u00e9s da Secretaria de Cultura e Turismo idealizou o evento com o objetivo de incluir uma programa\u00e7\u00e3o gratuita e de qualidade para os monteirenses e turistas.<\/p>\n\n\n\n<p>O projeto Banda na Pra\u00e7a tamb\u00e9m tem o intuito de despertar a curiosidade e o desejo pelo estudo da m\u00fasica atrav\u00e9s das grandes e belas apresenta\u00e7\u00f5es da Banda Filarm\u00f4nica Sebasti\u00e3o de Oliveira Brito, al\u00e9m de levar uma boa m\u00fasica \u00e0s Pra\u00e7as da cidade, promovendo neste fim de f\u00e9rias escolares, mais um atrativo para as fam\u00edlias.<\/p>\n\n\n\n<p>SECOM<\/p>\n\n\n\n<figure class=\"wp-block-image\"><img decoding=\"async\" data-src=\"http:\/\/hora1pb.com.br\/wp-content\/uploads\/2020\/01\/35DEE324-D590-4CAD-9FAF-F2DFEC9E5D85-300x200.jpeg\" alt=\"\" class=\"wp-image-17118 lazyload\" src=\"data:image\/svg+xml;base64,PHN2ZyB3aWR0aD0iMSIgaGVpZ2h0PSIxIiB4bWxucz0iaHR0cDovL3d3dy53My5vcmcvMjAwMC9zdmciPjwvc3ZnPg==\" style=\"--smush-placeholder-width: 300px; --smush-placeholder-aspect-ratio: 300\/200;\" \/><\/figure>\n\n\n\n<p>Hora1PB<a rel=\"noreferrer noopener\" href=\"http:\/\/hora1pb.com.br\/#facebook\" target=\"_blank\"><br><\/a><\/p>\n","protected":false},"excerpt":{"rendered":"<p>O Projeto Banda na Pra\u00e7a realizou a primeira apresenta\u00e7\u00e3o do ano na noite desta quinta-feira, 30, na Pra\u00e7a Jo\u00e3o Pessoa em Monteiro. A prefeitura Municipal&hellip; <\/p>\n","protected":false},"author":1,"featured_media":150663,"comment_status":"closed","ping_status":"closed","sticky":false,"template":"","format":"standard","meta":{"sfsi_plus_gutenberg_text_before_share":"","sfsi_plus_gutenberg_show_text_before_share":"","sfsi_plus_gutenberg_icon_type":"","sfsi_plus_gutenberg_icon_alignemt":"","sfsi_plus_gutenburg_max_per_row":"","footnotes":""},"categories":[2],"tags":[],"class_list":["post-150659","post","type-post","status-publish","format-standard","has-post-thumbnail","hentry","category-geral"],"_links":{"self":[{"href":"https:\/\/www.caririemacao.com\/1\/wp-json\/wp\/v2\/posts\/150659","targetHints":{"allow":["GET"]}}],"collection":[{"href":"https:\/\/www.caririemacao.com\/1\/wp-json\/wp\/v2\/posts"}],"about":[{"href":"https:\/\/www.caririemacao.com\/1\/wp-json\/wp\/v2\/types\/post"}],"author":[{"embeddable":true,"href":"https:\/\/www.caririemacao.com\/1\/wp-json\/wp\/v2\/users\/1"}],"replies":[{"embeddable":true,"href":"https:\/\/www.caririemacao.com\/1\/wp-json\/wp\/v2\/comments?post=150659"}],"version-history":[{"count":1,"href":"https:\/\/www.caririemacao.com\/1\/wp-json\/wp\/v2\/posts\/150659\/revisions"}],"predecessor-version":[{"id":150664,"href":"https:\/\/www.caririemacao.com\/1\/wp-json\/wp\/v2\/posts\/150659\/revisions\/150664"}],"wp:featuredmedia":[{"embeddable":true,"href":"https:\/\/www.caririemacao.com\/1\/wp-json\/wp\/v2\/media\/150663"}],"wp:attachment":[{"href":"https:\/\/www.caririemacao.com\/1\/wp-json\/wp\/v2\/media?parent=150659"}],"wp:term":[{"taxonomy":"category","embeddable":true,"href":"https:\/\/www.caririemacao.com\/1\/wp-json\/wp\/v2\/categories?post=150659"},{"taxonomy":"post_tag","embeddable":true,"href":"https:\/\/www.caririemacao.com\/1\/wp-json\/wp\/v2\/tags?post=150659"}],"curies":[{"name":"wp","href":"https:\/\/api.w.org\/{rel}","templated":true}]}}