{"id":150665,"date":"2020-01-31T16:12:34","date_gmt":"2020-01-31T19:12:34","guid":{"rendered":"http:\/\/www.caririemacao.com\/1\/?p=150665"},"modified":"2020-01-31T16:12:37","modified_gmt":"2020-01-31T19:12:37","slug":"colisao-frontal-entre-carro-e-moto-deixa-tres-feridos-em-sao-joao-do-cariri","status":"publish","type":"post","link":"https:\/\/www.caririemacao.com\/1\/2020\/01\/31\/colisao-frontal-entre-carro-e-moto-deixa-tres-feridos-em-sao-joao-do-cariri\/","title":{"rendered":"Colis\u00e3o frontal entre carro e moto deixa tr\u00eas feridos em S\u00e3o Jo\u00e3o do Cariri"},"content":{"rendered":"\n<div class=\"wp-block-image\"><figure class=\"aligncenter\"><img decoding=\"async\" data-src=\"http:\/\/deolhonocariri.com.br\/wp-content\/uploads\/2020\/01\/aaaaa.jpg\" alt=\"\" class=\"wp-image-77282 lazyload\" src=\"data:image\/svg+xml;base64,PHN2ZyB3aWR0aD0iMSIgaGVpZ2h0PSIxIiB4bWxucz0iaHR0cDovL3d3dy53My5vcmcvMjAwMC9zdmciPjwvc3ZnPg==\" \/><\/figure><\/div>\n\n\n\n<p>No final da manh\u00e3 desta sexta-feira (31), um acidente automobil\u00edstico deixou tr\u00eas pessoas feridas em uma estrada no S\u00edtio Macambira, zona rural de S\u00e3o Jo\u00e3o do Cariri, interior da Para\u00edba.<\/p>\n\n\n\n<p>Segundo informa\u00e7\u00f5es chegadas a nossa equipe de reportagem, dois adolescentes vinham em uma moto quando no meio do caminho colidiram de frente contra um ve\u00edculo Fiat Uno, de propriedade do S\u00e3ojo\u00e3oense Fl\u00e1vio Maciel, residente do S\u00edtio Macambira.<\/p>\n\n\n\n<p>A colis\u00e3o deixou a parte frontal do carro parcialmente destru\u00edda. As tr\u00eas v\u00edtimas foram socorridas pelo SAMU para o Hospital de Serra Branca e n\u00e3o h\u00e1 informa\u00e7\u00f5es precisas do estado de sa\u00fade dos envolvidos.<\/p>\n\n\n\n<p><strong>De Olho no Cariri<\/strong><\/p>\n","protected":false},"excerpt":{"rendered":"<p>No final da manh\u00e3 desta sexta-feira (31), um acidente automobil\u00edstico deixou tr\u00eas pessoas feridas em uma estrada no S\u00edtio Macambira, zona rural de S\u00e3o Jo\u00e3o&hellip; <\/p>\n","protected":false},"author":1,"featured_media":150667,"comment_status":"closed","ping_status":"closed","sticky":false,"template":"","format":"standard","meta":{"sfsi_plus_gutenberg_text_before_share":"","sfsi_plus_gutenberg_show_text_before_share":"","sfsi_plus_gutenberg_icon_type":"","sfsi_plus_gutenberg_icon_alignemt":"","sfsi_plus_gutenburg_max_per_row":"","footnotes":""},"categories":[12],"tags":[],"class_list":["post-150665","post","type-post","status-publish","format-standard","has-post-thumbnail","hentry","category-policia"],"_links":{"self":[{"href":"https:\/\/www.caririemacao.com\/1\/wp-json\/wp\/v2\/posts\/150665","targetHints":{"allow":["GET"]}}],"collection":[{"href":"https:\/\/www.caririemacao.com\/1\/wp-json\/wp\/v2\/posts"}],"about":[{"href":"https:\/\/www.caririemacao.com\/1\/wp-json\/wp\/v2\/types\/post"}],"author":[{"embeddable":true,"href":"https:\/\/www.caririemacao.com\/1\/wp-json\/wp\/v2\/users\/1"}],"replies":[{"embeddable":true,"href":"https:\/\/www.caririemacao.com\/1\/wp-json\/wp\/v2\/comments?post=150665"}],"version-history":[{"count":1,"href":"https:\/\/www.caririemacao.com\/1\/wp-json\/wp\/v2\/posts\/150665\/revisions"}],"predecessor-version":[{"id":150668,"href":"https:\/\/www.caririemacao.com\/1\/wp-json\/wp\/v2\/posts\/150665\/revisions\/150668"}],"wp:featuredmedia":[{"embeddable":true,"href":"https:\/\/www.caririemacao.com\/1\/wp-json\/wp\/v2\/media\/150667"}],"wp:attachment":[{"href":"https:\/\/www.caririemacao.com\/1\/wp-json\/wp\/v2\/media?parent=150665"}],"wp:term":[{"taxonomy":"category","embeddable":true,"href":"https:\/\/www.caririemacao.com\/1\/wp-json\/wp\/v2\/categories?post=150665"},{"taxonomy":"post_tag","embeddable":true,"href":"https:\/\/www.caririemacao.com\/1\/wp-json\/wp\/v2\/tags?post=150665"}],"curies":[{"name":"wp","href":"https:\/\/api.w.org\/{rel}","templated":true}]}}