{"id":150672,"date":"2020-01-31T17:36:43","date_gmt":"2020-01-31T20:36:43","guid":{"rendered":"http:\/\/www.caririemacao.com\/1\/?p=150672"},"modified":"2020-01-31T17:36:44","modified_gmt":"2020-01-31T20:36:44","slug":"presidente-da-camara-da-pb-e-denunciado-por-uso-indevido-de-veiculo-oficial","status":"publish","type":"post","link":"https:\/\/www.caririemacao.com\/1\/2020\/01\/31\/presidente-da-camara-da-pb-e-denunciado-por-uso-indevido-de-veiculo-oficial\/","title":{"rendered":"Presidente da C\u00e2mara da PB \u00e9 denunciado por uso indevido de ve\u00edculo oficial"},"content":{"rendered":"\n<p>O presidente da C\u00e2mara de Vereadores do&nbsp; munic\u00edpio de Pedra Lavrada,&nbsp;&nbsp; Jos\u00e9 Gilson Ferreira dos Santos&nbsp; est\u00e1 sendo denunciado ao Minist\u00e9rio P\u00fablico&nbsp; suspeito de usar carro oficial para fazer viagem particular. O inqu\u00e9rito civil p\u00fablico, n\u00ba 012\/2020) est\u00e1 com o promotor&nbsp;<br>S\u00f3crates Agra, daPromotoria de Justi\u00e7a de Picu\u00ed.<\/p>\n\n\n\n<p>No documento, Jos\u00e9 Gilson Ferreira dos Santos&nbsp; &nbsp;est\u00e1 sendo denunciado&nbsp; por&nbsp;&nbsp; utilizar o ve\u00edculo oficial &nbsp;do Poder Legislativo&nbsp; em viagens para resolverem problemas de sa\u00fade e para uso particular, desviando a fun\u00e7\u00e3o do ve\u00edculo, infligindo assim o artigo 10, inciso II, da Lei 8.429\/92 o que caracteriza crime de improbidade administrativa.<\/p>\n\n\n\n<p><br><strong>Reda\u00e7\u00e3o<\/strong><\/p>\n","protected":false},"excerpt":{"rendered":"<p>O presidente da C\u00e2mara de Vereadores do&nbsp; munic\u00edpio de Pedra Lavrada,&nbsp;&nbsp; Jos\u00e9 Gilson Ferreira dos Santos&nbsp; est\u00e1 sendo denunciado ao Minist\u00e9rio P\u00fablico&nbsp; suspeito de usar&hellip; <\/p>\n","protected":false},"author":2,"featured_media":150673,"comment_status":"closed","ping_status":"closed","sticky":false,"template":"","format":"standard","meta":{"sfsi_plus_gutenberg_text_before_share":"","sfsi_plus_gutenberg_show_text_before_share":"","sfsi_plus_gutenberg_icon_type":"","sfsi_plus_gutenberg_icon_alignemt":"","sfsi_plus_gutenburg_max_per_row":"","footnotes":""},"categories":[1],"tags":[],"class_list":["post-150672","post","type-post","status-publish","format-standard","has-post-thumbnail","hentry","category-o-site"],"_links":{"self":[{"href":"https:\/\/www.caririemacao.com\/1\/wp-json\/wp\/v2\/posts\/150672","targetHints":{"allow":["GET"]}}],"collection":[{"href":"https:\/\/www.caririemacao.com\/1\/wp-json\/wp\/v2\/posts"}],"about":[{"href":"https:\/\/www.caririemacao.com\/1\/wp-json\/wp\/v2\/types\/post"}],"author":[{"embeddable":true,"href":"https:\/\/www.caririemacao.com\/1\/wp-json\/wp\/v2\/users\/2"}],"replies":[{"embeddable":true,"href":"https:\/\/www.caririemacao.com\/1\/wp-json\/wp\/v2\/comments?post=150672"}],"version-history":[{"count":1,"href":"https:\/\/www.caririemacao.com\/1\/wp-json\/wp\/v2\/posts\/150672\/revisions"}],"predecessor-version":[{"id":150674,"href":"https:\/\/www.caririemacao.com\/1\/wp-json\/wp\/v2\/posts\/150672\/revisions\/150674"}],"wp:featuredmedia":[{"embeddable":true,"href":"https:\/\/www.caririemacao.com\/1\/wp-json\/wp\/v2\/media\/150673"}],"wp:attachment":[{"href":"https:\/\/www.caririemacao.com\/1\/wp-json\/wp\/v2\/media?parent=150672"}],"wp:term":[{"taxonomy":"category","embeddable":true,"href":"https:\/\/www.caririemacao.com\/1\/wp-json\/wp\/v2\/categories?post=150672"},{"taxonomy":"post_tag","embeddable":true,"href":"https:\/\/www.caririemacao.com\/1\/wp-json\/wp\/v2\/tags?post=150672"}],"curies":[{"name":"wp","href":"https:\/\/api.w.org\/{rel}","templated":true}]}}