{"id":150675,"date":"2020-01-31T17:50:45","date_gmt":"2020-01-31T20:50:45","guid":{"rendered":"http:\/\/www.caririemacao.com\/1\/?p=150675"},"modified":"2020-01-31T17:50:47","modified_gmt":"2020-01-31T20:50:47","slug":"coronavirus-faz-aumentar-a-procura-por-mascaras-no-comercio-das-capitas-do-brasil","status":"publish","type":"post","link":"https:\/\/www.caririemacao.com\/1\/2020\/01\/31\/coronavirus-faz-aumentar-a-procura-por-mascaras-no-comercio-das-capitas-do-brasil\/","title":{"rendered":"Coronav\u00edrus faz aumentar a procura por m\u00e1scaras no com\u00e9rcio das Capitas do Brasil"},"content":{"rendered":"\n<p>Com o temor de contamina\u00e7\u00e3o pelo coronav\u00edrus, consumidores promoveram uma corrida ao com\u00e9rcio em busca de m\u00e1scaras para prote\u00e7\u00e3o contra uma poss\u00edvel infec\u00e7\u00e3o. Farm\u00e1cias e empresas especializadas na venda de artigos m\u00e9dicos no Rio de Janeiro j\u00e1 registram um aumento expressivo na procura.<\/p>\n\n\n\n<p>O pa\u00eds ainda n\u00e3o tem nenhum caso confirmado, e a Secretaria de Estado de Sa\u00fade do Rio de Janeiro&nbsp;<a href=\"https:\/\/g1.globo.com\/rj\/rio-de-janeiro\/noticia\/2020\/01\/30\/secretaria-de-saude-volta-a-descartar-caso-suspeito-de-coronavirus-no-rio.ghtml\">descartou o \u00faltimo caso suspeito da doen\u00e7a<\/a>.<\/p>\n\n\n\n<p>O\u00a0<strong>G1<\/strong>\u00a0percorreu seis farm\u00e1cias das zonas Sul e Norte do Rio na manh\u00e3 desta sexta (31) e em nenhuma delas havia m\u00e1scaras nas prateleiras. Em todas elas, os funcion\u00e1rios confirmaram o aumento das vendas. Em uma delas, um dos vendedores relatou que um \u00fanico cliente chegou a levar oito caixas com cinquenta m\u00e1scaras em cada uma delas. O mesmo vem acontecendo nas demais capitas do Brasil. <\/p>\n\n\n\n<ul class=\"wp-block-list\"><li><strong>S\u00e3o Paulo<\/strong>&nbsp;\u2013 o&nbsp;<a href=\"https:\/\/g1.globo.com\/sp\/sao-paulo\/noticia\/2020\/01\/30\/com-coronavirus-distribuidoras-esgotam-estoques-de-mascaras-em-sp-e-descendentes-enviam-produto-para-familiares-na-china.ghtml\">estoque de m\u00e1scaras j\u00e1 est\u00e1 zerado<\/a>&nbsp;em algumas farm\u00e1cias e distribuidoras da capital paulista. Al\u00e9m disso, membros da comunidade chinesa na cidade est\u00e3o se organizando para enviar m\u00e1scaras a familiares na China. Funcion\u00e1rios de farm\u00e1cias, de distribuidoras de equipamentos m\u00e9dicos e dos Correios tamb\u00e9m relataram ao&nbsp;<strong>G1&nbsp;<\/strong>que chineses e descendentes est\u00e3o comprando caixas de m\u00e1scaras descart\u00e1veis para enviar a familiares.&nbsp;<a href=\"https:\/\/g1.globo.com\/sp\/mogi-das-cruzes-suzano\/noticia\/2020\/01\/31\/coronavirus-movimenta-farmacias-e-esgota-estoques-de-mascaras-cirurgicas-e-alcool-em-gel-no-alto-tiete.ghtml\">Em farm\u00e1cias do Alto Tiet\u00ea, os estoques est\u00e3o esgotados<\/a>.<\/li><li><strong>Alagoas<\/strong>&nbsp;\u2013 ao menos tr\u00eas lojas de Macei\u00f3 especializadas em produtos hospitalares relataram, nesta sexta-feira (31), que est\u00e3o sem estoque de m\u00e1scaras cir\u00fargicas. Mas somente uma percebeu aumento na procura pelo produto. Duas lojas informaram que n\u00e3o houve altera\u00e7\u00e3o nas vendas e atribuem a falta de estoque aos fornecedores, que s\u00e3o de S\u00e3o Paulo. J\u00e1 as farm\u00e1cias de Macei\u00f3 continuam vendendo m\u00e1scaras cir\u00fargicas normalmente e n\u00e3o perceberam qualquer aumento na procura pelo produto \u2013 o&nbsp;<strong>G1<\/strong>&nbsp;contatou ao menos 10 farm\u00e1cias na cidade.<\/li><li><strong>Pernambuco<\/strong>&nbsp;\u2013&nbsp;<a href=\"https:\/\/g1.globo.com\/pe\/pernambuco\/noticia\/2020\/01\/31\/distribuidoras-de-mascaras-no-recife-registram-aumento-de-encomendas-devido-ao-coronavirus.ghtml\">duas distribuidoras de m\u00e1scaras<\/a>&nbsp;cir\u00fargicas em Recife, a Fertek Ferramentas e a Descartex, registram aumento de encomendas.<\/li><li><strong>Minas Gerais<\/strong>&nbsp;\u2013 uma empresa de Uberl\u00e2ndia que fabrica&nbsp;<a href=\"https:\/\/g1.globo.com\/mg\/triangulo-mineiro\/noticia\/2020\/01\/30\/suspeita-de-coronavirus-no-pais-gera-aumento-na-producao-de-alcool-em-gel-em-uberlandia.ghtml\">\u00e1lcool em gel<\/a>&nbsp;registrou neste m\u00eas demanda maior que em janeiro de 2019. Farm\u00e1cias da cidade mineira tamb\u00e9m registraram aumento na busca pelo produto e por m\u00e1scaras.<\/li><li><strong>Santa Catarina \u2013<\/strong>&nbsp;<a href=\"https:\/\/g1.globo.com\/sc\/santa-catarina\/noticia\/2020\/01\/31\/com-coronavirus-procura-por-mascaras-de-protecao-aumenta-em-sc.ghtml\">a demanda por m\u00e1scaras de prote\u00e7\u00e3o descart\u00e1veis aumentou em Santa Catarina<\/a>&nbsp;ap\u00f3s o registro de casos suspeitos de coronav\u00edrus. Nesta sexta, representante comercial, revendedor e importadora do produto nas regi\u00f5es do Vale do Itaja\u00ed e do Norte relataram ao&nbsp;<strong>G1<\/strong>&nbsp;que a procura cresceu tanto em pedidos feitos por estabelecimentos comerciais quanto em lojas virtuais.<\/li><\/ul>\n\n\n\n<p> <strong>Por Cristina Boeckel, G1 Rio<\/strong> <\/p>\n","protected":false},"excerpt":{"rendered":"<p>Com o temor de contamina\u00e7\u00e3o pelo coronav\u00edrus, consumidores promoveram uma corrida ao com\u00e9rcio em busca de m\u00e1scaras para prote\u00e7\u00e3o contra uma poss\u00edvel infec\u00e7\u00e3o. Farm\u00e1cias e&hellip; <\/p>\n","protected":false},"author":2,"featured_media":150676,"comment_status":"closed","ping_status":"closed","sticky":false,"template":"","format":"standard","meta":{"sfsi_plus_gutenberg_text_before_share":"","sfsi_plus_gutenberg_show_text_before_share":"","sfsi_plus_gutenberg_icon_type":"","sfsi_plus_gutenberg_icon_alignemt":"","sfsi_plus_gutenburg_max_per_row":"","footnotes":""},"categories":[50,16],"tags":[],"class_list":["post-150675","post","type-post","status-publish","format-standard","has-post-thumbnail","hentry","category-destaque","category-saude"],"_links":{"self":[{"href":"https:\/\/www.caririemacao.com\/1\/wp-json\/wp\/v2\/posts\/150675","targetHints":{"allow":["GET"]}}],"collection":[{"href":"https:\/\/www.caririemacao.com\/1\/wp-json\/wp\/v2\/posts"}],"about":[{"href":"https:\/\/www.caririemacao.com\/1\/wp-json\/wp\/v2\/types\/post"}],"author":[{"embeddable":true,"href":"https:\/\/www.caririemacao.com\/1\/wp-json\/wp\/v2\/users\/2"}],"replies":[{"embeddable":true,"href":"https:\/\/www.caririemacao.com\/1\/wp-json\/wp\/v2\/comments?post=150675"}],"version-history":[{"count":1,"href":"https:\/\/www.caririemacao.com\/1\/wp-json\/wp\/v2\/posts\/150675\/revisions"}],"predecessor-version":[{"id":150677,"href":"https:\/\/www.caririemacao.com\/1\/wp-json\/wp\/v2\/posts\/150675\/revisions\/150677"}],"wp:featuredmedia":[{"embeddable":true,"href":"https:\/\/www.caririemacao.com\/1\/wp-json\/wp\/v2\/media\/150676"}],"wp:attachment":[{"href":"https:\/\/www.caririemacao.com\/1\/wp-json\/wp\/v2\/media?parent=150675"}],"wp:term":[{"taxonomy":"category","embeddable":true,"href":"https:\/\/www.caririemacao.com\/1\/wp-json\/wp\/v2\/categories?post=150675"},{"taxonomy":"post_tag","embeddable":true,"href":"https:\/\/www.caririemacao.com\/1\/wp-json\/wp\/v2\/tags?post=150675"}],"curies":[{"name":"wp","href":"https:\/\/api.w.org\/{rel}","templated":true}]}}