{"id":150679,"date":"2020-01-31T18:37:27","date_gmt":"2020-01-31T21:37:27","guid":{"rendered":"http:\/\/www.caririemacao.com\/1\/?p=150679"},"modified":"2020-01-31T18:37:29","modified_gmt":"2020-01-31T21:37:29","slug":"agencia-dos-correios-de-taperoa-e-assaltada-pela-segunda-vez-em-menos-de-um-mes","status":"publish","type":"post","link":"https:\/\/www.caririemacao.com\/1\/2020\/01\/31\/agencia-dos-correios-de-taperoa-e-assaltada-pela-segunda-vez-em-menos-de-um-mes\/","title":{"rendered":"Ag\u00eancia dos Correios de Tapero\u00e1 \u00e9 assaltada pela segunda vez em menos de um m\u00eas"},"content":{"rendered":"\n<p>Vinte dias depois de ser alvo dos criminosos, a Ag\u00eancia dos Correios e Tel\u00e9grafos da cidade de Tapero\u00e1 foi novamente assaltada. A a\u00e7\u00e3o criminosa ocorreu na tarde desta sexta-feira(31).<\/p>\n\n\n\n<p>Segundo informa\u00e7\u00f5es apuradas pela nossa reportagem, por volta das 14:45, tr\u00eas bandidos realizaram a a\u00e7\u00e3o criminosa. Um dos assaltantes se passou por cliente, desejando fazer um dep\u00f3sito e logo em seguida o segundo meliante j\u00e1 entrou na ag\u00eancia anunciando o assalto, rendendo o vigilante e os funcion\u00e1rios da ag\u00eancia. Os criminosos conseguiram levar uma quantia em dinheiro dos cofres, mas o valor n\u00e3o foi repassado pela ag\u00eancia.<\/p>\n\n\n\n<p>As for\u00e7as policiais estiveram no local e iniciaram as buscas aos assaltantes. As investiga\u00e7\u00f5es ficar\u00e3o por conta da PF.<\/p>\n\n\n\n<p>No \u00faltimo dia 10 de janeiro os Correios de Tapero\u00e1 j\u00e1 havia sido alvo dos assaltantes.<\/p>\n\n\n\n<p><strong>De Olho no Cariri<\/strong><\/p>\n","protected":false},"excerpt":{"rendered":"<p>Vinte dias depois de ser alvo dos criminosos, a Ag\u00eancia dos Correios e Tel\u00e9grafos da cidade de Tapero\u00e1 foi novamente assaltada. A a\u00e7\u00e3o criminosa ocorreu&hellip; <\/p>\n","protected":false},"author":1,"featured_media":150680,"comment_status":"closed","ping_status":"closed","sticky":false,"template":"","format":"standard","meta":{"sfsi_plus_gutenberg_text_before_share":"","sfsi_plus_gutenberg_show_text_before_share":"","sfsi_plus_gutenberg_icon_type":"","sfsi_plus_gutenberg_icon_alignemt":"","sfsi_plus_gutenburg_max_per_row":"","footnotes":""},"categories":[12],"tags":[],"class_list":["post-150679","post","type-post","status-publish","format-standard","has-post-thumbnail","hentry","category-policia"],"_links":{"self":[{"href":"https:\/\/www.caririemacao.com\/1\/wp-json\/wp\/v2\/posts\/150679","targetHints":{"allow":["GET"]}}],"collection":[{"href":"https:\/\/www.caririemacao.com\/1\/wp-json\/wp\/v2\/posts"}],"about":[{"href":"https:\/\/www.caririemacao.com\/1\/wp-json\/wp\/v2\/types\/post"}],"author":[{"embeddable":true,"href":"https:\/\/www.caririemacao.com\/1\/wp-json\/wp\/v2\/users\/1"}],"replies":[{"embeddable":true,"href":"https:\/\/www.caririemacao.com\/1\/wp-json\/wp\/v2\/comments?post=150679"}],"version-history":[{"count":1,"href":"https:\/\/www.caririemacao.com\/1\/wp-json\/wp\/v2\/posts\/150679\/revisions"}],"predecessor-version":[{"id":150681,"href":"https:\/\/www.caririemacao.com\/1\/wp-json\/wp\/v2\/posts\/150679\/revisions\/150681"}],"wp:featuredmedia":[{"embeddable":true,"href":"https:\/\/www.caririemacao.com\/1\/wp-json\/wp\/v2\/media\/150680"}],"wp:attachment":[{"href":"https:\/\/www.caririemacao.com\/1\/wp-json\/wp\/v2\/media?parent=150679"}],"wp:term":[{"taxonomy":"category","embeddable":true,"href":"https:\/\/www.caririemacao.com\/1\/wp-json\/wp\/v2\/categories?post=150679"},{"taxonomy":"post_tag","embeddable":true,"href":"https:\/\/www.caririemacao.com\/1\/wp-json\/wp\/v2\/tags?post=150679"}],"curies":[{"name":"wp","href":"https:\/\/api.w.org\/{rel}","templated":true}]}}