{"id":150687,"date":"2020-02-01T07:06:12","date_gmt":"2020-02-01T10:06:12","guid":{"rendered":"http:\/\/www.caririemacao.com\/1\/?p=150687"},"modified":"2020-02-01T07:06:14","modified_gmt":"2020-02-01T10:06:14","slug":"mais-de-r5-milhoes-de-organizacao-social-que-gerenciava-hospitais-na-pb-sao-bloqueados-pela-justica","status":"publish","type":"post","link":"https:\/\/www.caririemacao.com\/1\/2020\/02\/01\/mais-de-r5-milhoes-de-organizacao-social-que-gerenciava-hospitais-na-pb-sao-bloqueados-pela-justica\/","title":{"rendered":"Mais de R$5 milh\u00f5es de organiza\u00e7\u00e3o social que gerenciava hospitais na PB s\u00e3o bloqueados pela justi\u00e7a"},"content":{"rendered":"\n<p>A Justi\u00e7a bloqueou aproximadamente R$ 5,2 milh\u00f5es do Instituto de Psicologia Cl\u00ednica, Educacional e Profissional (IPCEP), ap\u00f3s decis\u00e3o tomada na quinta-feira (30) e divulgada nesta sexta-feira (31), pela ju\u00edza da 6\u00aa Vara da Fazenda P\u00fablica de Jo\u00e3o Pessoa, Silvana Pires Moura Brasil. A organiza\u00e7\u00e3o social \u00e9 a mesma que teve os contratos de gest\u00e3o rescindidos dos hospitais Metropolitano Dom Jos\u00e9 Maria Pires, em Santa Rita, e o Geral de Mamanguape.<\/p>\n\n\n\n<p>A decis\u00e3o foi tomada ap\u00f3s uma a\u00e7\u00e3o protocolada pela Procuradoria Geral do Estado da Para\u00edba (PGE). No processo, a PGE alega que rompeu os contratos ao identificar irregularidades praticadas pelo IPCEP, reveladas atrav\u00e9s da&nbsp;<a href=\"https:\/\/g1.globo.com\/pb\/paraiba\/noticia\/2019\/04\/14\/operacao-calvario-entenda-investigacao-que-desarticulou-esquema-em-hospitais-na-paraiba.ghtml\">Opera\u00e7\u00e3o Calv\u00e1rio<\/a>&nbsp;realizada pelo Minist\u00e9rio P\u00fablico da Para\u00edba.<\/p>\n\n\n\n<p>A a\u00e7\u00e3o investiga uma suposta organiza\u00e7\u00e3o criminosa suspeita de desvio de R$134,2 milh\u00f5es de servi\u00e7os de sa\u00fade e educa\u00e7\u00e3o, por meio de organiza\u00e7\u00f5es sociais, em que&nbsp;<a href=\"https:\/\/g1.globo.com\/pb\/paraiba\/noticia\/2019\/12\/17\/ex-governador-ricardo-coutinho-e-alvo-da-setima-fase-da-operacao-calvario-na-paraiba.ghtml\">Jo\u00e3o Azev\u00eado (Cidadania) e o ex-governador Ricardo Coutinho (PSB) foram alvos<\/a>.<\/p>\n\n\n\n<p>Com base na a\u00e7\u00e3o, o Governo da Para\u00edba decretou interven\u00e7\u00e3o nas unidades hospitalares e determinou a abertura de um processo para identificar as irregularidades e devolver os recursos aos cofres p\u00fablicos que haviam sido investidos durante a vig\u00eancia dos contratos.<\/p>\n\n\n\n<p>Na decis\u00e3o, a ju\u00edza constatou a exist\u00eancia de aproximadamente R$ 5,2 milh\u00f5es nas contas banc\u00e1rias do instituto. A iniciativa da magistrada em determinar o bloqueio dos bens \u00e9 justificada pelo \u201crisco de dilapida\u00e7\u00e3o do patrim\u00f4nio por parte da demandada, dificultando assim o ressarcimento dos danos causados ao er\u00e1rio\u201d, j\u00e1 que o contrato foi encerrado pelo governo.<\/p>\n\n\n\n<p>POR G1 PB<\/p>\n","protected":false},"excerpt":{"rendered":"<p>A Justi\u00e7a bloqueou aproximadamente R$ 5,2 milh\u00f5es do Instituto de Psicologia Cl\u00ednica, Educacional e Profissional (IPCEP), ap\u00f3s decis\u00e3o tomada na quinta-feira (30) e divulgada nesta&hellip; <\/p>\n","protected":false},"author":2,"featured_media":150199,"comment_status":"closed","ping_status":"closed","sticky":false,"template":"","format":"standard","meta":{"sfsi_plus_gutenberg_text_before_share":"","sfsi_plus_gutenberg_show_text_before_share":"","sfsi_plus_gutenberg_icon_type":"","sfsi_plus_gutenberg_icon_alignemt":"","sfsi_plus_gutenburg_max_per_row":"","footnotes":""},"categories":[50,11],"tags":[],"class_list":["post-150687","post","type-post","status-publish","format-standard","has-post-thumbnail","hentry","category-destaque","category-politica"],"_links":{"self":[{"href":"https:\/\/www.caririemacao.com\/1\/wp-json\/wp\/v2\/posts\/150687","targetHints":{"allow":["GET"]}}],"collection":[{"href":"https:\/\/www.caririemacao.com\/1\/wp-json\/wp\/v2\/posts"}],"about":[{"href":"https:\/\/www.caririemacao.com\/1\/wp-json\/wp\/v2\/types\/post"}],"author":[{"embeddable":true,"href":"https:\/\/www.caririemacao.com\/1\/wp-json\/wp\/v2\/users\/2"}],"replies":[{"embeddable":true,"href":"https:\/\/www.caririemacao.com\/1\/wp-json\/wp\/v2\/comments?post=150687"}],"version-history":[{"count":1,"href":"https:\/\/www.caririemacao.com\/1\/wp-json\/wp\/v2\/posts\/150687\/revisions"}],"predecessor-version":[{"id":150694,"href":"https:\/\/www.caririemacao.com\/1\/wp-json\/wp\/v2\/posts\/150687\/revisions\/150694"}],"wp:featuredmedia":[{"embeddable":true,"href":"https:\/\/www.caririemacao.com\/1\/wp-json\/wp\/v2\/media\/150199"}],"wp:attachment":[{"href":"https:\/\/www.caririemacao.com\/1\/wp-json\/wp\/v2\/media?parent=150687"}],"wp:term":[{"taxonomy":"category","embeddable":true,"href":"https:\/\/www.caririemacao.com\/1\/wp-json\/wp\/v2\/categories?post=150687"},{"taxonomy":"post_tag","embeddable":true,"href":"https:\/\/www.caririemacao.com\/1\/wp-json\/wp\/v2\/tags?post=150687"}],"curies":[{"name":"wp","href":"https:\/\/api.w.org\/{rel}","templated":true}]}}