{"id":150689,"date":"2020-02-01T06:59:09","date_gmt":"2020-02-01T09:59:09","guid":{"rendered":"http:\/\/www.caririemacao.com\/1\/?p=150689"},"modified":"2020-02-01T06:59:11","modified_gmt":"2020-02-01T09:59:11","slug":"prefeito-de-sume-ainda-nao-decidiu-futuro-partidario-e-aguarda-conversa-com-joao-azevedo","status":"publish","type":"post","link":"https:\/\/www.caririemacao.com\/1\/2020\/02\/01\/prefeito-de-sume-ainda-nao-decidiu-futuro-partidario-e-aguarda-conversa-com-joao-azevedo\/","title":{"rendered":"Prefeito de Sum\u00e9 ainda n\u00e3o decidiu futuro partid\u00e1rio e aguarda conversa com Jo\u00e3o Azev\u00eado"},"content":{"rendered":"\n<figure class=\"wp-block-image\"><img decoding=\"async\" data-src=\"http:\/\/www.blogdobrunolira.com.br\/wp-content\/uploads\/2020\/01\/Eden-foto-740x414-1.jpg\" alt=\"\" src=\"data:image\/svg+xml;base64,PHN2ZyB3aWR0aD0iMSIgaGVpZ2h0PSIxIiB4bWxucz0iaHR0cDovL3d3dy53My5vcmcvMjAwMC9zdmciPjwvc3ZnPg==\" class=\"lazyload\" \/><\/figure>\n\n\n\n<p>O prefeito de Sum\u00e9, \u00c9den Duarte, atualmente filiado ao PSB, ainda n\u00e3o dicidiu o seu futuro partid\u00e1rio e aguarda conversa com o governador Jo\u00e3o Azev\u00eado para tratar sobre o assunto.<\/p>\n\n\n\n<p>\u00c9den n\u00e3o assinou a lista de desfilia\u00e7\u00e3o como fez 20 prefeitos paraibanos, nesta sexta-feira (31).<\/p>\n\n\n\n<blockquote class=\"wp-block-quote is-layout-flow wp-block-quote-is-layout-flow\"><p><\/p><cite>\u201cEu sou um aliado e defensor do Governo,&nbsp; estou aguardando um chamamento do governador Jo\u00e3o Azev\u00eado para tratar essa quest\u00e3o. Tamb\u00e9m vou debater com o meu grupo a decis\u00e3o do meu futuro partid\u00e1rio\u201d, disse \u00c9den.<\/cite><\/blockquote>\n\n\n\n<p><strong>Blog do Bruno Lira<\/strong><\/p>\n","protected":false},"excerpt":{"rendered":"<p>O prefeito de Sum\u00e9, \u00c9den Duarte, atualmente filiado ao PSB, ainda n\u00e3o dicidiu o seu futuro partid\u00e1rio e aguarda conversa com o governador Jo\u00e3o Azev\u00eado&hellip; <\/p>\n","protected":false},"author":1,"featured_media":54911,"comment_status":"closed","ping_status":"closed","sticky":false,"template":"","format":"standard","meta":{"sfsi_plus_gutenberg_text_before_share":"","sfsi_plus_gutenberg_show_text_before_share":"","sfsi_plus_gutenberg_icon_type":"","sfsi_plus_gutenberg_icon_alignemt":"","sfsi_plus_gutenburg_max_per_row":"","footnotes":""},"categories":[6,50],"tags":[],"class_list":["post-150689","post","type-post","status-publish","format-standard","has-post-thumbnail","hentry","category-cidades","category-destaque"],"_links":{"self":[{"href":"https:\/\/www.caririemacao.com\/1\/wp-json\/wp\/v2\/posts\/150689","targetHints":{"allow":["GET"]}}],"collection":[{"href":"https:\/\/www.caririemacao.com\/1\/wp-json\/wp\/v2\/posts"}],"about":[{"href":"https:\/\/www.caririemacao.com\/1\/wp-json\/wp\/v2\/types\/post"}],"author":[{"embeddable":true,"href":"https:\/\/www.caririemacao.com\/1\/wp-json\/wp\/v2\/users\/1"}],"replies":[{"embeddable":true,"href":"https:\/\/www.caririemacao.com\/1\/wp-json\/wp\/v2\/comments?post=150689"}],"version-history":[{"count":1,"href":"https:\/\/www.caririemacao.com\/1\/wp-json\/wp\/v2\/posts\/150689\/revisions"}],"predecessor-version":[{"id":150690,"href":"https:\/\/www.caririemacao.com\/1\/wp-json\/wp\/v2\/posts\/150689\/revisions\/150690"}],"wp:featuredmedia":[{"embeddable":true,"href":"https:\/\/www.caririemacao.com\/1\/wp-json\/wp\/v2\/media\/54911"}],"wp:attachment":[{"href":"https:\/\/www.caririemacao.com\/1\/wp-json\/wp\/v2\/media?parent=150689"}],"wp:term":[{"taxonomy":"category","embeddable":true,"href":"https:\/\/www.caririemacao.com\/1\/wp-json\/wp\/v2\/categories?post=150689"},{"taxonomy":"post_tag","embeddable":true,"href":"https:\/\/www.caririemacao.com\/1\/wp-json\/wp\/v2\/tags?post=150689"}],"curies":[{"name":"wp","href":"https:\/\/api.w.org\/{rel}","templated":true}]}}