{"id":150696,"date":"2020-02-01T07:19:07","date_gmt":"2020-02-01T10:19:07","guid":{"rendered":"http:\/\/www.caririemacao.com\/1\/?p=150696"},"modified":"2020-02-01T07:19:09","modified_gmt":"2020-02-01T10:19:09","slug":"familias-em-vulnerabilidade-alimentar-continuam-beneficiadas-com-a-cesta-social-em-monteiro","status":"publish","type":"post","link":"https:\/\/www.caririemacao.com\/1\/2020\/02\/01\/familias-em-vulnerabilidade-alimentar-continuam-beneficiadas-com-a-cesta-social-em-monteiro\/","title":{"rendered":"Fam\u00edlias em vulnerabilidade alimentar continuam beneficiadas com a Cesta Social em Monteiro"},"content":{"rendered":"\n<p>Nesta quinta-feira, 30, durante todo o dia a Prefeitura Municipal de Monteiro, atrav\u00e9s da Secretaria de Desenvolvimento Social, realizou a entrega de mais 500 cestas b\u00e1sicas atrav\u00e9s do Programa Cesta Social \u00e0s fam\u00edlias em situa\u00e7\u00e3o de vulnerabilidade social, identificadas atrav\u00e9s do Cadastro Social no munic\u00edpio.<\/p>\n\n\n\n<p>A prefeita Anna Lorena lembrou que este n\u00e3o \u00e9 um ato isolado, que a Secretaria de Assist\u00eancia Social tem feito a entrega de cestas b\u00e1sicas mensalmente, e comentou da felicidade de estar demonstrando, mais uma vez, a preocupa\u00e7\u00e3o da administra\u00e7\u00e3o municipal em dar mais qualidade de vida \u00e0s pessoas. \u201cConstru\u00edmos um governo transparente, que dialoga com as pessoas e que aplica bem os recursos do povo, devolvendo cada centavo em forma de benef\u00edcios para toda a popula\u00e7\u00e3o\u201d, comemorou.<\/p>\n\n\n\n<p>As cestas cont\u00eam alimentos b\u00e1sicos, como feij\u00e3o, arroz, \u00f3leo, macarr\u00e3o, a\u00e7\u00facar e outros. A entrega foi pela secret\u00e1ria Rosa Aleixo juntamente as equipes da Secretaria e do CRAS, que responde pela avalia\u00e7\u00e3o e triagem socioecon\u00f4mica das fam\u00edlias beneficiadas.<\/p>\n\n\n\n<p>A administra\u00e7\u00e3o municipal ressalta ainda que a Secretaria de Desenvolvimento Social n\u00e3o est\u00e1 medindo esfor\u00e7os para atender as fam\u00edlias do munic\u00edpio que passam por situa\u00e7\u00e3o de necessidade.<\/p>\n","protected":false},"excerpt":{"rendered":"<p>Nesta quinta-feira, 30, durante todo o dia a Prefeitura Municipal de Monteiro, atrav\u00e9s da Secretaria de Desenvolvimento Social, realizou a entrega de mais 500 cestas&hellip; <\/p>\n","protected":false},"author":1,"featured_media":150697,"comment_status":"closed","ping_status":"closed","sticky":false,"template":"","format":"standard","meta":{"sfsi_plus_gutenberg_text_before_share":"","sfsi_plus_gutenberg_show_text_before_share":"","sfsi_plus_gutenberg_icon_type":"","sfsi_plus_gutenberg_icon_alignemt":"","sfsi_plus_gutenburg_max_per_row":"","footnotes":""},"categories":[6],"tags":[],"class_list":["post-150696","post","type-post","status-publish","format-standard","has-post-thumbnail","hentry","category-cidades"],"_links":{"self":[{"href":"https:\/\/www.caririemacao.com\/1\/wp-json\/wp\/v2\/posts\/150696","targetHints":{"allow":["GET"]}}],"collection":[{"href":"https:\/\/www.caririemacao.com\/1\/wp-json\/wp\/v2\/posts"}],"about":[{"href":"https:\/\/www.caririemacao.com\/1\/wp-json\/wp\/v2\/types\/post"}],"author":[{"embeddable":true,"href":"https:\/\/www.caririemacao.com\/1\/wp-json\/wp\/v2\/users\/1"}],"replies":[{"embeddable":true,"href":"https:\/\/www.caririemacao.com\/1\/wp-json\/wp\/v2\/comments?post=150696"}],"version-history":[{"count":2,"href":"https:\/\/www.caririemacao.com\/1\/wp-json\/wp\/v2\/posts\/150696\/revisions"}],"predecessor-version":[{"id":150699,"href":"https:\/\/www.caririemacao.com\/1\/wp-json\/wp\/v2\/posts\/150696\/revisions\/150699"}],"wp:featuredmedia":[{"embeddable":true,"href":"https:\/\/www.caririemacao.com\/1\/wp-json\/wp\/v2\/media\/150697"}],"wp:attachment":[{"href":"https:\/\/www.caririemacao.com\/1\/wp-json\/wp\/v2\/media?parent=150696"}],"wp:term":[{"taxonomy":"category","embeddable":true,"href":"https:\/\/www.caririemacao.com\/1\/wp-json\/wp\/v2\/categories?post=150696"},{"taxonomy":"post_tag","embeddable":true,"href":"https:\/\/www.caririemacao.com\/1\/wp-json\/wp\/v2\/tags?post=150696"}],"curies":[{"name":"wp","href":"https:\/\/api.w.org\/{rel}","templated":true}]}}