{"id":150707,"date":"2020-02-01T07:22:49","date_gmt":"2020-02-01T10:22:49","guid":{"rendered":"http:\/\/www.caririemacao.com\/1\/?p=150707"},"modified":"2020-02-01T07:22:51","modified_gmt":"2020-02-01T10:22:51","slug":"monteiro-realiza-mais-um-mutirao-de-cirurgias-eletivas-em-parceria-com-o-estado","status":"publish","type":"post","link":"https:\/\/www.caririemacao.com\/1\/2020\/02\/01\/monteiro-realiza-mais-um-mutirao-de-cirurgias-eletivas-em-parceria-com-o-estado\/","title":{"rendered":"Monteiro realiza mais um mutir\u00e3o de cirurgias eletivas em parceria com o Estado"},"content":{"rendered":"\n<p>O Hospital Regional Santa Filomena recebeu o Mutir\u00e3o de Cirurgias Eletivas, atendendo 82 pacientes do munic\u00edpio de Monteiro com a realiza\u00e7\u00e3o da cirurgia de falcoemulsifica\u00e7\u00e3o com implante de lente intra-ocular dobr\u00e1vel, conhecida como a cirurgia de catarata.<\/p>\n\n\n\n<p>Os pacientes s\u00e3o acompanhados pela Secretaria de Sa\u00fade, onde a prepara\u00e7\u00e3o para a cirurgia acontece no Centro da Mulher&nbsp; logo ap\u00f3s s\u00e3o encaminhados e acompanhados at\u00e9 o Hospital Regional Santa Filomena.<\/p>\n\n\n\n<p>Ap\u00f3s a cirurgia os pacientes recebem as orienta\u00e7\u00f5es do p\u00f3s-operat\u00f3rio e dias depois h\u00e1 o retorno ao oftalmologista para avalia\u00e7\u00e3o do procedimento.<\/p>\n\n\n\n<p>A paciente Maria Am\u00e9lia relata que todo o acompanhamento \u00e9 feito com todo carinho pelas equipes: \u201cDesde a consulta as meninas tratam a gente muito bem, e a cirurgia foi tranquila, achei que era uma coisa de assustar, mas me deixaram bem tranquila. Eu j\u00e1 havia feito a do olho esquerdo, e vejo muito bem. Agrade\u00e7o demais, a sa\u00fade de Monteiro ta boa demais\u201d.<\/p>\n\n\n\n<p>Ao todo foram realizadas 240 cirurgias em cinco dias de Mutir\u00e3o, atendendo os munic\u00edpios vizinhos de Amparo, Camala\u00fa, Congo, Coxixola, Gurj\u00e3o, Ouro Velho, Prata, S\u00e3o Jo\u00e3o do Cariri, S\u00e3o Jo\u00e3o do Tigre, S\u00e3o Jos\u00e9 dos Cordeiros, S\u00e3o Sebasti\u00e3o do Umbuzeiro, Serra Branca, Sum\u00e9 e Zabel\u00ea.<\/p>\n","protected":false},"excerpt":{"rendered":"<p>O Hospital Regional Santa Filomena recebeu o Mutir\u00e3o de Cirurgias Eletivas, atendendo 82 pacientes do munic\u00edpio de Monteiro com a realiza\u00e7\u00e3o da cirurgia de falcoemulsifica\u00e7\u00e3o&hellip; <\/p>\n","protected":false},"author":1,"featured_media":150711,"comment_status":"closed","ping_status":"closed","sticky":false,"template":"","format":"standard","meta":{"sfsi_plus_gutenberg_text_before_share":"","sfsi_plus_gutenberg_show_text_before_share":"","sfsi_plus_gutenberg_icon_type":"","sfsi_plus_gutenberg_icon_alignemt":"","sfsi_plus_gutenburg_max_per_row":"","footnotes":""},"categories":[2],"tags":[],"class_list":["post-150707","post","type-post","status-publish","format-standard","has-post-thumbnail","hentry","category-geral"],"_links":{"self":[{"href":"https:\/\/www.caririemacao.com\/1\/wp-json\/wp\/v2\/posts\/150707","targetHints":{"allow":["GET"]}}],"collection":[{"href":"https:\/\/www.caririemacao.com\/1\/wp-json\/wp\/v2\/posts"}],"about":[{"href":"https:\/\/www.caririemacao.com\/1\/wp-json\/wp\/v2\/types\/post"}],"author":[{"embeddable":true,"href":"https:\/\/www.caririemacao.com\/1\/wp-json\/wp\/v2\/users\/1"}],"replies":[{"embeddable":true,"href":"https:\/\/www.caririemacao.com\/1\/wp-json\/wp\/v2\/comments?post=150707"}],"version-history":[{"count":1,"href":"https:\/\/www.caririemacao.com\/1\/wp-json\/wp\/v2\/posts\/150707\/revisions"}],"predecessor-version":[{"id":150712,"href":"https:\/\/www.caririemacao.com\/1\/wp-json\/wp\/v2\/posts\/150707\/revisions\/150712"}],"wp:featuredmedia":[{"embeddable":true,"href":"https:\/\/www.caririemacao.com\/1\/wp-json\/wp\/v2\/media\/150711"}],"wp:attachment":[{"href":"https:\/\/www.caririemacao.com\/1\/wp-json\/wp\/v2\/media?parent=150707"}],"wp:term":[{"taxonomy":"category","embeddable":true,"href":"https:\/\/www.caririemacao.com\/1\/wp-json\/wp\/v2\/categories?post=150707"},{"taxonomy":"post_tag","embeddable":true,"href":"https:\/\/www.caririemacao.com\/1\/wp-json\/wp\/v2\/tags?post=150707"}],"curies":[{"name":"wp","href":"https:\/\/api.w.org\/{rel}","templated":true}]}}