{"id":150716,"date":"2020-02-01T07:24:31","date_gmt":"2020-02-01T10:24:31","guid":{"rendered":"http:\/\/www.caririemacao.com\/1\/?p=150716"},"modified":"2020-02-01T07:25:37","modified_gmt":"2020-02-01T10:25:37","slug":"governador-joao-azevedo-anuncia-filiacao-ao-partido-cidadania","status":"publish","type":"post","link":"https:\/\/www.caririemacao.com\/1\/2020\/02\/01\/governador-joao-azevedo-anuncia-filiacao-ao-partido-cidadania\/","title":{"rendered":"Governador Jo\u00e3o Azev\u00eado anuncia filia\u00e7\u00e3o ao partido Cidadania"},"content":{"rendered":"\n<p>O governador Jo\u00e3o Azev\u00eado anunciou, nesta sexta-feira (31), que ir\u00e1 se filiar ao partido Cidadania, ap\u00f3s deixar a legenda do PSB em dezembro do ano passado.<\/p>\n\n\n\n<p>Depois de receber v\u00e1rios convites, se reunir e ouvir diversas lideran\u00e7as estaduais, antigos membros do PSB que o acompanharam em sua desfilia\u00e7\u00e3o, al\u00e9m de integrantes do Governo e dos movimentos sociais, Jo\u00e3o Azev\u00eado disse que estava entrando no Cidadania por se identificar com os princ\u00edpios do partido e pelo di\u00e1logo que manteve com a dire\u00e7\u00e3o nacional da legenda.<\/p>\n\n\n\n<p>\u201cAgrade\u00e7o a todos os partidos e lideran\u00e7as nacionais e estaduais que me convidaram para ingressar em suas legendas. Mas decidimos optar pelo Cidadania, depois de muita reflex\u00e3o e reuni\u00f5es que apontaram este caminho. Tamb\u00e9m ressalto a \u2019Carta de Princ\u00edpios\u2019 do partido publicada em 24 de mar\u00e7o de 2019, onde nos sentimos representados; como tamb\u00e9m o di\u00e1logo franco e aberto que tivemos com o presidente Roberto Freire, apontando para o fortalecimento da legenda em nosso Estado\u201d, afirmou o governador paraibano.<\/p>\n\n\n\n<p>Entre os princ\u00edpios citados por Jo\u00e3o Azev\u00eado na Carta do Cidadania, destacam-se, entre outros, \u201co combate \u00e0 pobreza e \u00e0s desigualdades sociais; a responsabilidade fiscal em respeito aos impostos que s\u00e3o fruto do trabalho dos cidad\u00e3os; pluralidade como prioridade na constru\u00e7\u00e3o dos debates e processos de delibera\u00e7\u00e3o do partido; acesso \u00e0 educa\u00e7\u00e3o como principal vetor de cidadania; e a defesa do fortalecimento das institui\u00e7\u00f5es democr\u00e1ticas\u201d.<\/p>\n\n\n\n<p>O governador informou que, a partir de agora, o momento ser\u00e1 de amplia\u00e7\u00e3o do partido que \u00e9 dirigido por Ronaldo Guerra na Para\u00edba. \u201cVamos inserir as novas lideran\u00e7as, os representantes dos movimentos sociais e c\u00edvicos, os pr\u00e9-candidatos em 2020, os prefeitos e vereadores. Tudo isso sem atropelar as inst\u00e2ncias e o calend\u00e1rio dos congressos definidos pela dire\u00e7\u00e3o nacional, sempre com a concep\u00e7\u00e3o de agregar e qualificar cada vez mais o debate pol\u00edtico e cidad\u00e3o em nosso estado e no pa\u00eds\u201d, afirmou Jo\u00e3o Azev\u00eado.<\/p>\n\n\n\n<p><em>Mais PB<\/em><\/p>\n","protected":false},"excerpt":{"rendered":"<p>O governador Jo\u00e3o Azev\u00eado anunciou, nesta sexta-feira (31), que ir\u00e1 se filiar ao partido Cidadania, ap\u00f3s deixar a legenda do PSB em dezembro do ano&hellip; <\/p>\n","protected":false},"author":1,"featured_media":150717,"comment_status":"closed","ping_status":"closed","sticky":false,"template":"","format":"standard","meta":{"sfsi_plus_gutenberg_text_before_share":"","sfsi_plus_gutenberg_show_text_before_share":"","sfsi_plus_gutenberg_icon_type":"","sfsi_plus_gutenberg_icon_alignemt":"","sfsi_plus_gutenburg_max_per_row":"","footnotes":""},"categories":[50,11],"tags":[],"class_list":["post-150716","post","type-post","status-publish","format-standard","has-post-thumbnail","hentry","category-destaque","category-politica"],"_links":{"self":[{"href":"https:\/\/www.caririemacao.com\/1\/wp-json\/wp\/v2\/posts\/150716","targetHints":{"allow":["GET"]}}],"collection":[{"href":"https:\/\/www.caririemacao.com\/1\/wp-json\/wp\/v2\/posts"}],"about":[{"href":"https:\/\/www.caririemacao.com\/1\/wp-json\/wp\/v2\/types\/post"}],"author":[{"embeddable":true,"href":"https:\/\/www.caririemacao.com\/1\/wp-json\/wp\/v2\/users\/1"}],"replies":[{"embeddable":true,"href":"https:\/\/www.caririemacao.com\/1\/wp-json\/wp\/v2\/comments?post=150716"}],"version-history":[{"count":1,"href":"https:\/\/www.caririemacao.com\/1\/wp-json\/wp\/v2\/posts\/150716\/revisions"}],"predecessor-version":[{"id":150718,"href":"https:\/\/www.caririemacao.com\/1\/wp-json\/wp\/v2\/posts\/150716\/revisions\/150718"}],"wp:featuredmedia":[{"embeddable":true,"href":"https:\/\/www.caririemacao.com\/1\/wp-json\/wp\/v2\/media\/150717"}],"wp:attachment":[{"href":"https:\/\/www.caririemacao.com\/1\/wp-json\/wp\/v2\/media?parent=150716"}],"wp:term":[{"taxonomy":"category","embeddable":true,"href":"https:\/\/www.caririemacao.com\/1\/wp-json\/wp\/v2\/categories?post=150716"},{"taxonomy":"post_tag","embeddable":true,"href":"https:\/\/www.caririemacao.com\/1\/wp-json\/wp\/v2\/tags?post=150716"}],"curies":[{"name":"wp","href":"https:\/\/api.w.org\/{rel}","templated":true}]}}