{"id":150729,"date":"2020-02-01T07:35:26","date_gmt":"2020-02-01T10:35:26","guid":{"rendered":"http:\/\/www.caririemacao.com\/1\/?p=150729"},"modified":"2020-02-01T07:35:28","modified_gmt":"2020-02-01T10:35:28","slug":"galdino-condiciona-possivel-filiacao-ao-cidadania-so-irei-para-presidir","status":"publish","type":"post","link":"https:\/\/www.caririemacao.com\/1\/2020\/02\/01\/galdino-condiciona-possivel-filiacao-ao-cidadania-so-irei-para-presidir\/","title":{"rendered":"Galdino condiciona poss\u00edvel filia\u00e7\u00e3o ao Cidadania: \u201cS\u00f3 irei para presidir\u201d"},"content":{"rendered":"\n<p>Ainda no PSB, o presidente da Assembleia Legislativa da Para\u00edba (ALPB), Adriano Galdino, condicionou uma filia\u00e7\u00e3o ao Cidadania a poder de dirigir a legenda na Para\u00edba.<\/p>\n\n\n\n<p>\u201cS\u00f3 irei para ser presidente do partido na Para\u00edba. O Cidadania j\u00e1 tem um presidente, que \u00e9 Ronaldo Guerra e n\u00f3s n\u00e3o conversamos sobre isso\u201d, afirmou o parlamentar ao&nbsp;<strong>Hora H<\/strong>, programa da&nbsp;<strong>Rede Mais<\/strong>, transmitido em Jo\u00e3o Pessoa pela&nbsp;<strong>R\u00e1dio Pop FM 89.3<\/strong><\/p>\n\n\n\n<p>Sobre a escolha do chefe do Executivo pelo Cidadania, ele considerou uma decis\u00e3o\u2019acertada\u2019. Para o gestor, a sigla ser\u00e1 a mais forte do estado em termos de lideran\u00e7a. O deputado previu que diversos prefeitos devem acompanhar Jo\u00e3o, o que fortalecer\u00e1 a sigla, que atualmente possui apenas um prefeito.<\/p>\n\n\n\n<p>\u201cO partido nasce forte, ser\u00e1 o partido mais forte da Para\u00edba em termos de lideran\u00e7a. Jo\u00e3o fez a escolha certa em querer ter uma sigla partid\u00e1ria para fazer pol\u00edtica\u201d, analisou.<\/p>\n","protected":false},"excerpt":{"rendered":"<p>Ainda no PSB, o presidente da Assembleia Legislativa da Para\u00edba (ALPB), Adriano Galdino, condicionou uma filia\u00e7\u00e3o ao Cidadania a poder de dirigir a legenda na&hellip; <\/p>\n","protected":false},"author":1,"featured_media":150733,"comment_status":"closed","ping_status":"closed","sticky":false,"template":"","format":"standard","meta":{"sfsi_plus_gutenberg_text_before_share":"","sfsi_plus_gutenberg_show_text_before_share":"","sfsi_plus_gutenberg_icon_type":"","sfsi_plus_gutenberg_icon_alignemt":"","sfsi_plus_gutenburg_max_per_row":"","footnotes":""},"categories":[11],"tags":[],"class_list":["post-150729","post","type-post","status-publish","format-standard","has-post-thumbnail","hentry","category-politica"],"_links":{"self":[{"href":"https:\/\/www.caririemacao.com\/1\/wp-json\/wp\/v2\/posts\/150729","targetHints":{"allow":["GET"]}}],"collection":[{"href":"https:\/\/www.caririemacao.com\/1\/wp-json\/wp\/v2\/posts"}],"about":[{"href":"https:\/\/www.caririemacao.com\/1\/wp-json\/wp\/v2\/types\/post"}],"author":[{"embeddable":true,"href":"https:\/\/www.caririemacao.com\/1\/wp-json\/wp\/v2\/users\/1"}],"replies":[{"embeddable":true,"href":"https:\/\/www.caririemacao.com\/1\/wp-json\/wp\/v2\/comments?post=150729"}],"version-history":[{"count":1,"href":"https:\/\/www.caririemacao.com\/1\/wp-json\/wp\/v2\/posts\/150729\/revisions"}],"predecessor-version":[{"id":150734,"href":"https:\/\/www.caririemacao.com\/1\/wp-json\/wp\/v2\/posts\/150729\/revisions\/150734"}],"wp:featuredmedia":[{"embeddable":true,"href":"https:\/\/www.caririemacao.com\/1\/wp-json\/wp\/v2\/media\/150733"}],"wp:attachment":[{"href":"https:\/\/www.caririemacao.com\/1\/wp-json\/wp\/v2\/media?parent=150729"}],"wp:term":[{"taxonomy":"category","embeddable":true,"href":"https:\/\/www.caririemacao.com\/1\/wp-json\/wp\/v2\/categories?post=150729"},{"taxonomy":"post_tag","embeddable":true,"href":"https:\/\/www.caririemacao.com\/1\/wp-json\/wp\/v2\/tags?post=150729"}],"curies":[{"name":"wp","href":"https:\/\/api.w.org\/{rel}","templated":true}]}}