{"id":150738,"date":"2020-02-01T07:38:52","date_gmt":"2020-02-01T10:38:52","guid":{"rendered":"http:\/\/www.caririemacao.com\/1\/?p=150738"},"modified":"2020-02-01T07:38:53","modified_gmt":"2020-02-01T10:38:53","slug":"apos-anuncio-de-joao-pt-convoca-reuniao-para-definir-posicionamento","status":"publish","type":"post","link":"https:\/\/www.caririemacao.com\/1\/2020\/02\/01\/apos-anuncio-de-joao-pt-convoca-reuniao-para-definir-posicionamento\/","title":{"rendered":"Ap\u00f3s an\u00fancio de Jo\u00e3o, PT convoca reuni\u00e3o para definir posicionamento"},"content":{"rendered":"\n<p>O Partido dos Trabalhadores convocou uma reuni\u00e3o extraordin\u00e1ria para avaliar o comportamento da legenda no governo Jo\u00e3o Azev\u00eado ap\u00f3s o governador anunciar filia\u00e7\u00e3o no Cidadania. A informa\u00e7\u00e3o foi confirmada pelo presidente estadual do partido, Jackson Macedo, ao programa<a href=\"https:\/\/www.maispb.com.br\/redemais\/\"><strong>&nbsp;Hora H<\/strong><\/a>, apresentado pelos jornalistas Heron Cid e Wallison Bezerra, na Rede Mais, tendo como cabe\u00e7a de rede a R\u00e1dio Pop FM, 89.3, em Jo\u00e3o Pessoa, com reprodu\u00e7\u00e3o em outras 13 emissoras do estado.<\/p>\n\n\n\n<p>\u201cEu vou ter que chamar uma executiva extraordin\u00e1ria para o inicio da pr\u00f3xima semana, na segunda (3) ou ter\u00e7a-feira (4), para a gente ter uma primeira avalia\u00e7\u00e3o e logo em seguida convocar o diret\u00f3rio estadual para ter uma defini\u00e7\u00e3o sobre essa quest\u00e3o\u201d, adiantou o petista.<\/p>\n\n\n\n<p>O dirigente partid\u00e1rio disse que foi pego de \u201csurpresa\u201d com a decis\u00e3o de Jo\u00e3o Azev\u00eado. Segundo ele, em reuni\u00e3o recente com o governador, o chefe do Executivo estadual havia afirmado que ingressaria em um dos partidos aliados ao PT e que fazem oposi\u00e7\u00e3o ao presidente Jair Bolsonaro (sem partido).<\/p>\n\n\n\n<p>\u201cParticipamos de uma reuni\u00e3o com o governador h\u00e1 uns meses atr\u00e1s onde estavam PT, PCdoB, PDT, e Rede. Ele deixou claro para a gente que se caso sa\u00edsse do PSB iria para um partido do campo democr\u00e1tico popular e permaneceria nessa linha pol\u00edtica vinculada ao campo progressista. Hoje ele anuncia filia\u00e7\u00e3o no Cidadania que n\u00e3o \u00e9 um partido aliado ao PT e que n\u00e3o est\u00e1 no nosso campo de alian\u00e7as. Infelizmente, no ano passado votou quase 90% das mat\u00e9rias do governo Bolsonaro no Congresso Nacional e que apoiou o impeachment da presidente Dilma Rousseff (PT)\u201d, afirmou.<\/p>\n\n\n\n<p>Macedo disse que \u201cn\u00e3o tomar\u00e1 nenhuma decis\u00e3o precipitada\u201d antes de conversar com a executiva estadual e as lideran\u00e7as do partido.<\/p>\n\n\n\n<p>\u201cA ideia \u00e9 tomar uma decis\u00e3o conjunta. Qualquer decis\u00e3o que sema tomada pelo PT vai ser muito amadurecida, conversada com todo mundo para que a gente possa ter um encaminhamento que melhor facilite a nossa vida e ao projeto que queremos construir em Jo\u00e3o Pessoa e para o Estado da Para\u00edba\u201d, finalizou.<\/p>\n\n\n\n<p>MAISPB<\/p>\n","protected":false},"excerpt":{"rendered":"<p>O Partido dos Trabalhadores convocou uma reuni\u00e3o extraordin\u00e1ria para avaliar o comportamento da legenda no governo Jo\u00e3o Azev\u00eado ap\u00f3s o governador anunciar filia\u00e7\u00e3o no Cidadania.&hellip; <\/p>\n","protected":false},"author":1,"featured_media":51872,"comment_status":"closed","ping_status":"closed","sticky":false,"template":"","format":"standard","meta":{"sfsi_plus_gutenberg_text_before_share":"","sfsi_plus_gutenberg_show_text_before_share":"","sfsi_plus_gutenberg_icon_type":"","sfsi_plus_gutenberg_icon_alignemt":"","sfsi_plus_gutenburg_max_per_row":"","footnotes":""},"categories":[11],"tags":[],"class_list":["post-150738","post","type-post","status-publish","format-standard","has-post-thumbnail","hentry","category-politica"],"_links":{"self":[{"href":"https:\/\/www.caririemacao.com\/1\/wp-json\/wp\/v2\/posts\/150738","targetHints":{"allow":["GET"]}}],"collection":[{"href":"https:\/\/www.caririemacao.com\/1\/wp-json\/wp\/v2\/posts"}],"about":[{"href":"https:\/\/www.caririemacao.com\/1\/wp-json\/wp\/v2\/types\/post"}],"author":[{"embeddable":true,"href":"https:\/\/www.caririemacao.com\/1\/wp-json\/wp\/v2\/users\/1"}],"replies":[{"embeddable":true,"href":"https:\/\/www.caririemacao.com\/1\/wp-json\/wp\/v2\/comments?post=150738"}],"version-history":[{"count":1,"href":"https:\/\/www.caririemacao.com\/1\/wp-json\/wp\/v2\/posts\/150738\/revisions"}],"predecessor-version":[{"id":150740,"href":"https:\/\/www.caririemacao.com\/1\/wp-json\/wp\/v2\/posts\/150738\/revisions\/150740"}],"wp:featuredmedia":[{"embeddable":true,"href":"https:\/\/www.caririemacao.com\/1\/wp-json\/wp\/v2\/media\/51872"}],"wp:attachment":[{"href":"https:\/\/www.caririemacao.com\/1\/wp-json\/wp\/v2\/media?parent=150738"}],"wp:term":[{"taxonomy":"category","embeddable":true,"href":"https:\/\/www.caririemacao.com\/1\/wp-json\/wp\/v2\/categories?post=150738"},{"taxonomy":"post_tag","embeddable":true,"href":"https:\/\/www.caririemacao.com\/1\/wp-json\/wp\/v2\/tags?post=150738"}],"curies":[{"name":"wp","href":"https:\/\/api.w.org\/{rel}","templated":true}]}}