{"id":150754,"date":"2020-02-01T07:43:56","date_gmt":"2020-02-01T10:43:56","guid":{"rendered":"http:\/\/www.caririemacao.com\/1\/?p=150754"},"modified":"2020-02-01T07:43:57","modified_gmt":"2020-02-01T10:43:57","slug":"receita-estadual-registra-125-882-inscricoes-ativas-de-estabelecimentos-em-2019","status":"publish","type":"post","link":"https:\/\/www.caririemacao.com\/1\/2020\/02\/01\/receita-estadual-registra-125-882-inscricoes-ativas-de-estabelecimentos-em-2019\/","title":{"rendered":"Receita Estadual registra 125.882 inscri\u00e7\u00f5es ativas de estabelecimentos em 2019"},"content":{"rendered":"\n<p>A Secretaria de Estado da Fazenda (SEFAZ-PB) encerrou com 125.882 inscri\u00e7\u00f5es estaduais ativas em 2019, incluindo todos os regimes de apura\u00e7\u00e3o, segundo dados do N\u00facleo de Manuten\u00e7\u00e3o Cadastral da SEFAZ, alta de 7,25% sobre o ano anterior (117.372).&nbsp;<\/p>\n\n\n\n<p>Por regime de apura\u00e7\u00e3o, os estabelecimentos do Simples Nacional, que incluem as inscri\u00e7\u00f5es da figura do Microempreendedor Individual (MEI) e as micro e pequenas empresas optantes do regime, concentraram 90,16% do total (114.606), sendo 71,29% (90.621) do MEI; enquanto as empresas do regime Normal encerraram o ano com 8.140 inscri\u00e7\u00f5es estaduais (6,40% do total). Completam os regimes na SEFAZ as empresas de Produtor Rural (1,82%) e de Substitui\u00e7\u00e3o Tribut\u00e1ria (1,55%).<br>&nbsp;<br>Entre as atividades econ\u00f4micas de maior representatividade na SEFAZ, incluindo todos os regimes, o com\u00e9rcio continua com a maior concentra\u00e7\u00e3o das inscri\u00e7\u00f5es estaduais em 2019 com participa\u00e7\u00e3o de 67,65% (84.912 inscri\u00e7\u00f5es), enquanto os setores da ind\u00fastria com 18.215 (14,68%) e servi\u00e7os com 16.886 (13,65%) ficam com a segunda e terceira maiores participa\u00e7\u00f5es, respectivamente. A agropecu\u00e1ria com 2.643 inscri\u00e7\u00f5es (2,13%) e o atacado com 2.368 inscri\u00e7\u00f5es (1,91%) completam as participa\u00e7\u00f5es das atividades econ\u00f4micas.<br>&nbsp;<br>Na distribui\u00e7\u00e3o dos estabelecimentos nas cinco ger\u00eancias regionais da SEFAZl, a 1\u00aa Ger\u00eancia Regional, que tem como sede Jo\u00e3o Pessoa, fechou 2019 com de 56.529 de inscri\u00e7\u00f5es ativas, o que representa&nbsp; 45,46% do n\u00famero de contribuintes de ICMS do Estado. Em segundo lugar ficou a 3\u00aa Regi\u00e3o, que tem sede em Campina Grande, com 29.599 estabelecimentos com inscri\u00e7\u00e3o estadual, representando 23,65% do total. A 2\u00aa Regi\u00e3o, que tem sede em Guarabira, concentra o terceiro maior volume de inscri\u00e7\u00f5es ativas no Estado com 13.884 unidades e participa\u00e7\u00e3o de 11,09%, enquanto Sousa, sede da 5\u00aa Ger\u00eancia Regional com 13.011 (10,39% das inscri\u00e7\u00f5es), e Patos, sede da 4\u00aa Regional (12.129), com 9,69% do total, v\u00eam respectivamente na sequ\u00eancia.<\/p>\n","protected":false},"excerpt":{"rendered":"<p>A Secretaria de Estado da Fazenda (SEFAZ-PB) encerrou com 125.882 inscri\u00e7\u00f5es estaduais ativas em 2019, incluindo todos os regimes de apura\u00e7\u00e3o, segundo dados do N\u00facleo&hellip; <\/p>\n","protected":false},"author":1,"featured_media":150756,"comment_status":"closed","ping_status":"closed","sticky":false,"template":"","format":"standard","meta":{"sfsi_plus_gutenberg_text_before_share":"","sfsi_plus_gutenberg_show_text_before_share":"","sfsi_plus_gutenberg_icon_type":"","sfsi_plus_gutenberg_icon_alignemt":"","sfsi_plus_gutenburg_max_per_row":"","footnotes":""},"categories":[2],"tags":[],"class_list":["post-150754","post","type-post","status-publish","format-standard","has-post-thumbnail","hentry","category-geral"],"_links":{"self":[{"href":"https:\/\/www.caririemacao.com\/1\/wp-json\/wp\/v2\/posts\/150754","targetHints":{"allow":["GET"]}}],"collection":[{"href":"https:\/\/www.caririemacao.com\/1\/wp-json\/wp\/v2\/posts"}],"about":[{"href":"https:\/\/www.caririemacao.com\/1\/wp-json\/wp\/v2\/types\/post"}],"author":[{"embeddable":true,"href":"https:\/\/www.caririemacao.com\/1\/wp-json\/wp\/v2\/users\/1"}],"replies":[{"embeddable":true,"href":"https:\/\/www.caririemacao.com\/1\/wp-json\/wp\/v2\/comments?post=150754"}],"version-history":[{"count":1,"href":"https:\/\/www.caririemacao.com\/1\/wp-json\/wp\/v2\/posts\/150754\/revisions"}],"predecessor-version":[{"id":150757,"href":"https:\/\/www.caririemacao.com\/1\/wp-json\/wp\/v2\/posts\/150754\/revisions\/150757"}],"wp:featuredmedia":[{"embeddable":true,"href":"https:\/\/www.caririemacao.com\/1\/wp-json\/wp\/v2\/media\/150756"}],"wp:attachment":[{"href":"https:\/\/www.caririemacao.com\/1\/wp-json\/wp\/v2\/media?parent=150754"}],"wp:term":[{"taxonomy":"category","embeddable":true,"href":"https:\/\/www.caririemacao.com\/1\/wp-json\/wp\/v2\/categories?post=150754"},{"taxonomy":"post_tag","embeddable":true,"href":"https:\/\/www.caririemacao.com\/1\/wp-json\/wp\/v2\/tags?post=150754"}],"curies":[{"name":"wp","href":"https:\/\/api.w.org\/{rel}","templated":true}]}}