{"id":150761,"date":"2020-02-01T07:52:35","date_gmt":"2020-02-01T10:52:35","guid":{"rendered":"http:\/\/www.caririemacao.com\/1\/?p=150761"},"modified":"2020-02-01T07:52:36","modified_gmt":"2020-02-01T10:52:36","slug":"justica-bloqueia-bens-e-r-52-milhoes-de-organizacao-social-que-teve-contrato-rompido-com-o-governo-da-paraiba","status":"publish","type":"post","link":"https:\/\/www.caririemacao.com\/1\/2020\/02\/01\/justica-bloqueia-bens-e-r-52-milhoes-de-organizacao-social-que-teve-contrato-rompido-com-o-governo-da-paraiba\/","title":{"rendered":"Justi\u00e7a bloqueia bens e R$ 5,2 milh\u00f5es de organiza\u00e7\u00e3o social que teve contrato rompido com o Governo da Para\u00edba"},"content":{"rendered":"\n<p>A ju\u00edza Silvanna Pires Moura Brasil, da 6\u00aa Vara da Fazenda P\u00fablica da Capital, determinou o bloqueio de bens e de R$ 5.191.665,89 em recursos p\u00fablicos que est\u00e3o depositados em contas banc\u00e1rias do Instituto de Psicologia Cl\u00ednica, Educacional e Profissional (IPCEP). A ordem judicial desta sexta-feira (31) atendeu o pedido da Procuradoria-Geral do Estado da Para\u00edba (PGE-PB).<\/p>\n\n\n\n<p>A organiza\u00e7\u00e3o social teve os contratos de gest\u00e3o dos hospitais Metropolitano e Geral de Mamanguape rescindidos pela Administra\u00e7\u00e3o Estadual, por meio da Secretaria de Estado da Sa\u00fade.<\/p>\n\n\n\n<p>Consta na peti\u00e7\u00e3o inicial assinada pelo procurador-geral F\u00e1bio Andrade e pelos procuradores Paulo Madruga, L\u00facio Landim, Carlos Artur e Gustavo Mesquita, que o Governo do Estado rompeu unilateralmente os contratos ap\u00f3s tomar conhecimento de irregularidades praticadas pelo IPCEP, conforme den\u00fancia formulada pelo Minist\u00e9rio P\u00fablico da Para\u00edba (MPPB) na Opera\u00e7\u00e3o Calv\u00e1rio. Ainda segundo a peti\u00e7\u00e3o, o Estado decretou a interven\u00e7\u00e3o nos hospitais geridos pela empresa e instaurou processo de Tomada de Contas Especial (TCE n.\u00ba 018\/2020\/GS), &#8220;para apura\u00e7\u00e3o das irregularidades, identifica\u00e7\u00e3o dos respons\u00e1veis, quantifica\u00e7\u00e3o do dano e obten\u00e7\u00e3o do ressarcimento ao er\u00e1rio&#8221;.<\/p>\n\n\n\n<p>&#8220;Entretanto, a mencionada TCE ainda n\u00e3o concluiu seus trabalhos e existem recursos p\u00fablicos ainda sob a administra\u00e7\u00e3o do IPCEP, relativos ao Contrato de Gest\u00e3o n.\u00ba 0488\/2018, relacionado a gest\u00e3o do Hospital Metropolitano Dom Jos\u00e9 Maria Pires. (&#8230;) Nesse contexto, h\u00e1 um risco da demandada [IPCEP] utilizar os recursos que est\u00e3o na conta corrente vinculadas ao Hospital Metropolitano Dom Jos\u00e9 Maria Pires para outros fins, ilegais e indevidos, prejudicando o atendimento \u00e0 popula\u00e7\u00e3o no referido hospital&#8221;, diz trecho da &#8220;A\u00e7\u00e3o de Ressarcimento de Dano ao Er\u00e1rio&#8221;&nbsp;formulada pela PGE-PB.<\/p>\n\n\n\n<p>Na decis\u00e3o, a ju\u00edza Silvanna Pires Moura Brasil declarou que \u00e9 &#8220;induvidosa&#8221; a exist\u00eancia de mais de R$ 5 milh\u00f5es em recursos p\u00fablicos do Estado nas contas banc\u00e1rias do IPCEP. Ela tamb\u00e9m ressaltou que as investiga\u00e7\u00f5es do MPPB apontaram o envolvimento da organiza\u00e7\u00e3o social em suposto &#8220;esquema de corrup\u00e7\u00e3o que movimentou altas cifras no \u00e2mbito da Sa\u00fade do Estado da Para\u00edba, atrav\u00e9s do pagamento de propinas milion\u00e1rias&#8221;.<\/p>\n\n\n\n<p>&#8220;Ressalte-se que o referido contrato de Gest\u00e3o foi rescindido unilateralmente pelo autor, o que aumenta potencialmente risco de dilapida\u00e7\u00e3o do patrim\u00f4nio por parte da demandada, dificultando assim o ressarcimento dos danos causados ao er\u00e1rio, ainda il\u00edquidos por\u00e9m j\u00e1 em fase de apura\u00e7\u00e3o atrav\u00e9s de instaura\u00e7\u00e3o de Tomada de Contas Especial e decreta\u00e7\u00e3o de interven\u00e7\u00e3o nos hospitais implicados do esquema. (&#8230;) Justifica-se, portanto, o pedido de decreta\u00e7\u00e3o inaudita altera pars da indisponibilidade e sequestro de bens da entidade, bem como o bloqueio das contas banc\u00e1rias e aplica\u00e7\u00f5es mantidas pela demandada no pa\u00eds&#8221;, diz trecho final da decis\u00e3o.<\/p>\n","protected":false},"excerpt":{"rendered":"<p>A ju\u00edza Silvanna Pires Moura Brasil, da 6\u00aa Vara da Fazenda P\u00fablica da Capital, determinou o bloqueio de bens e de R$ 5.191.665,89 em recursos&hellip; <\/p>\n","protected":false},"author":1,"featured_media":88637,"comment_status":"closed","ping_status":"closed","sticky":false,"template":"","format":"standard","meta":{"sfsi_plus_gutenberg_text_before_share":"","sfsi_plus_gutenberg_show_text_before_share":"","sfsi_plus_gutenberg_icon_type":"","sfsi_plus_gutenberg_icon_alignemt":"","sfsi_plus_gutenburg_max_per_row":"","footnotes":""},"categories":[11],"tags":[],"class_list":["post-150761","post","type-post","status-publish","format-standard","has-post-thumbnail","hentry","category-politica"],"_links":{"self":[{"href":"https:\/\/www.caririemacao.com\/1\/wp-json\/wp\/v2\/posts\/150761","targetHints":{"allow":["GET"]}}],"collection":[{"href":"https:\/\/www.caririemacao.com\/1\/wp-json\/wp\/v2\/posts"}],"about":[{"href":"https:\/\/www.caririemacao.com\/1\/wp-json\/wp\/v2\/types\/post"}],"author":[{"embeddable":true,"href":"https:\/\/www.caririemacao.com\/1\/wp-json\/wp\/v2\/users\/1"}],"replies":[{"embeddable":true,"href":"https:\/\/www.caririemacao.com\/1\/wp-json\/wp\/v2\/comments?post=150761"}],"version-history":[{"count":1,"href":"https:\/\/www.caririemacao.com\/1\/wp-json\/wp\/v2\/posts\/150761\/revisions"}],"predecessor-version":[{"id":150764,"href":"https:\/\/www.caririemacao.com\/1\/wp-json\/wp\/v2\/posts\/150761\/revisions\/150764"}],"wp:featuredmedia":[{"embeddable":true,"href":"https:\/\/www.caririemacao.com\/1\/wp-json\/wp\/v2\/media\/88637"}],"wp:attachment":[{"href":"https:\/\/www.caririemacao.com\/1\/wp-json\/wp\/v2\/media?parent=150761"}],"wp:term":[{"taxonomy":"category","embeddable":true,"href":"https:\/\/www.caririemacao.com\/1\/wp-json\/wp\/v2\/categories?post=150761"},{"taxonomy":"post_tag","embeddable":true,"href":"https:\/\/www.caririemacao.com\/1\/wp-json\/wp\/v2\/tags?post=150761"}],"curies":[{"name":"wp","href":"https:\/\/api.w.org\/{rel}","templated":true}]}}