{"id":150773,"date":"2020-02-01T08:01:56","date_gmt":"2020-02-01T11:01:56","guid":{"rendered":"http:\/\/www.caririemacao.com\/1\/?p=150773"},"modified":"2020-02-01T08:01:57","modified_gmt":"2020-02-01T11:01:57","slug":"defensorias-recomendam-ao-governo-nao-veicular-campanha-de-abstinencia-sexual","status":"publish","type":"post","link":"https:\/\/www.caririemacao.com\/1\/2020\/02\/01\/defensorias-recomendam-ao-governo-nao-veicular-campanha-de-abstinencia-sexual\/","title":{"rendered":"Defensorias recomendam ao governo n\u00e3o veicular campanha de abstin\u00eancia sexual"},"content":{"rendered":"\n<p>A Defensoria P\u00fablica da Uni\u00e3o (DPU) e a Defensoria P\u00fablica de S\u00e3o Paulo enviaram recomenda\u00e7\u00e3o ao Minist\u00e9rio da Sa\u00fade e ao Minist\u00e9rio da Mulher, da Fam\u00edlia e dos Direitos Humanos para que n\u00e3o veiculem a campanha voltada para adolescentes que prega a abstin\u00eancia sexual como forma de preven\u00e7\u00e3o. A ministra Damares Alves defendeu a pr\u00e1tica como forma de enfrentar gravidez precoce e prolifera\u00e7\u00e3o de doen\u00e7as sexualmente transmiss\u00edveis no Pa\u00eds e quer transform\u00e1-la em pol\u00edtica p\u00fablica.<\/p>\n\n\n\n<p>O principal argumento das defensorias \u00e9 de que pregar a abstin\u00eancia como pol\u00edtica p\u00fablica para preven\u00e7\u00e3o n\u00e3o tem nenhum suporte cient\u00edfico \u2013 pelo contr\u00e1rio, apontam que h\u00e1 diversas pesquisas nacionais e internacionais que demonstraram a inefici\u00eancia de campanhas desse tipo em pol\u00edticas p\u00fablicas.<\/p>\n\n\n\n<p>Os \u00f3rg\u00e3os citam, por exemplo, um artigo da Society for Adolescent Health and Medicine que reuniu uma s\u00e9rie de pesquisas realizadas nos Estados Unidos, pa\u00eds que tem pol\u00edticas de abstin\u00eancia sexual desde 1981, sobre o tema. Elas conclu\u00edram que a medida n\u00e3o promove mudan\u00e7as positivas na vida sexual dos jovens, n\u00e3o impedindo nem a gravidez na adolesc\u00eancia, nem a propaga\u00e7\u00e3o de infec\u00e7\u00f5es sexualmente transmiss\u00edveis.<\/p>\n\n\n\n<p>A Procuradoria diz ainda que a medida traz riscos de desinforma\u00e7\u00e3o aos jovens ao n\u00e3o privilegiar a adequada orienta\u00e7\u00e3o quanto ao uso de m\u00e9todos reconhecidamente eficazes. As defensorias pedem ainda que, em um prazo de 15 dias, seja suspensa a elabora\u00e7\u00e3o do Plano Nacional de Preven\u00e7\u00e3o ao Risco Sexual Precoce para que sejam feitas audi\u00eancias p\u00fablicas com especialistas e entidades especialistas no assunto e que a elabora\u00e7\u00e3o de pol\u00edticas p\u00fablicas sobre o tema estejam em acordo com Constitui\u00e7\u00e3o Federal, o Estatuto da Crian\u00e7a e do Adolescente, al\u00e9m de se basear em \u201cestudos e evid\u00eancias cient\u00edficas\u201d.<\/p>\n\n\n\n<p>Al\u00e9m da recomenda\u00e7\u00e3o, as defensorias solicitaram aos minist\u00e9rios que apresentem o custo total de produ\u00e7\u00e3o e divulga\u00e7\u00e3o da campanha e quanto isso representa proporcionalmente em rela\u00e7\u00e3o ao que foi gasto no ano de 2019 e em rela\u00e7\u00e3o ao quanto se planeja gastar neste ano com os programas de preven\u00e7\u00e3o da gravidez na adolesc\u00eancia. Procurados, os minist\u00e9rios n\u00e3o se posicionaram at\u00e9 a publica\u00e7\u00e3o da reportagem. O espa\u00e7o est\u00e1 aberto para manifesta\u00e7\u00f5es.<\/p>\n","protected":false},"excerpt":{"rendered":"<p>A Defensoria P\u00fablica da Uni\u00e3o (DPU) e a Defensoria P\u00fablica de S\u00e3o Paulo enviaram recomenda\u00e7\u00e3o ao Minist\u00e9rio da Sa\u00fade e ao Minist\u00e9rio da Mulher, da&hellip; <\/p>\n","protected":false},"author":1,"featured_media":105502,"comment_status":"closed","ping_status":"closed","sticky":false,"template":"","format":"standard","meta":{"sfsi_plus_gutenberg_text_before_share":"","sfsi_plus_gutenberg_show_text_before_share":"","sfsi_plus_gutenberg_icon_type":"","sfsi_plus_gutenberg_icon_alignemt":"","sfsi_plus_gutenburg_max_per_row":"","footnotes":""},"categories":[11],"tags":[],"class_list":["post-150773","post","type-post","status-publish","format-standard","has-post-thumbnail","hentry","category-politica"],"_links":{"self":[{"href":"https:\/\/www.caririemacao.com\/1\/wp-json\/wp\/v2\/posts\/150773","targetHints":{"allow":["GET"]}}],"collection":[{"href":"https:\/\/www.caririemacao.com\/1\/wp-json\/wp\/v2\/posts"}],"about":[{"href":"https:\/\/www.caririemacao.com\/1\/wp-json\/wp\/v2\/types\/post"}],"author":[{"embeddable":true,"href":"https:\/\/www.caririemacao.com\/1\/wp-json\/wp\/v2\/users\/1"}],"replies":[{"embeddable":true,"href":"https:\/\/www.caririemacao.com\/1\/wp-json\/wp\/v2\/comments?post=150773"}],"version-history":[{"count":1,"href":"https:\/\/www.caririemacao.com\/1\/wp-json\/wp\/v2\/posts\/150773\/revisions"}],"predecessor-version":[{"id":150774,"href":"https:\/\/www.caririemacao.com\/1\/wp-json\/wp\/v2\/posts\/150773\/revisions\/150774"}],"wp:featuredmedia":[{"embeddable":true,"href":"https:\/\/www.caririemacao.com\/1\/wp-json\/wp\/v2\/media\/105502"}],"wp:attachment":[{"href":"https:\/\/www.caririemacao.com\/1\/wp-json\/wp\/v2\/media?parent=150773"}],"wp:term":[{"taxonomy":"category","embeddable":true,"href":"https:\/\/www.caririemacao.com\/1\/wp-json\/wp\/v2\/categories?post=150773"},{"taxonomy":"post_tag","embeddable":true,"href":"https:\/\/www.caririemacao.com\/1\/wp-json\/wp\/v2\/tags?post=150773"}],"curies":[{"name":"wp","href":"https:\/\/api.w.org\/{rel}","templated":true}]}}