{"id":150780,"date":"2020-02-01T08:42:42","date_gmt":"2020-02-01T11:42:42","guid":{"rendered":"http:\/\/www.caririemacao.com\/1\/?p=150780"},"modified":"2020-02-01T08:42:44","modified_gmt":"2020-02-01T11:42:44","slug":"filas-no-inss-para-resolver-pendencias-deverao-durar-ate-o-final-do-ano","status":"publish","type":"post","link":"https:\/\/www.caririemacao.com\/1\/2020\/02\/01\/filas-no-inss-para-resolver-pendencias-deverao-durar-ate-o-final-do-ano\/","title":{"rendered":"Filas no INSS para resolver pend\u00eancias dever\u00e3o durar at\u00e9 o final do ano"},"content":{"rendered":"\n<p>&nbsp;O secret\u00e1rio de Trabalho e Previd\u00eancia do Minist\u00e9rio da Economia, Rog\u00e9rio Marinho, disse nesta sexta (31) que as medidas anunciadas pelo governo devem regularizar a fila do INSS entre o final de outubro e o in\u00edcio de novembro.<\/p>\n\n\n\n<p>Segundo Marinho, a expectativa \u00e9 que os funcion\u00e1rios tempor\u00e1rios contratados para o INSS sejam treinados at\u00e9 o final de mar\u00e7o ou abril. A partir da\u00ed, o governo calcula em seis a sete meses o tempo necess\u00e1rio para eliminar o estoque antigo de pedidos de aposentadoria.<\/p>\n\n\n\n<p>O esfor\u00e7o inclui a contrata\u00e7\u00e3o de cerca de sete mil pessoas, entre eles aposentados do pr\u00f3prio INSS, que n\u00e3o precisar\u00e3o de treinamento para receber a popula\u00e7\u00e3o. Uma MP ser\u00e1 editada at\u00e9 a pr\u00f3xima semana para criar condi\u00e7\u00f5es da contrata\u00e7\u00e3o tempor\u00e1ria.<\/p>\n\n\n\n<p>Os contratados v\u00e3o ganhar 30% do sal\u00e1rio que recebiam quanto se aposentaram. A contrata\u00e7\u00e3o \u00e9 tempor\u00e1ria, mas o prazo pode durar por at\u00e9 quatro anos, afirmou Marinho, que participou de debate com executivos no Rio.<\/p>\n\n\n\n<p>A expectativa inicial era que a fila se regularizasse em 15 meses, apenas mantendo medidas implementadas em 2019, como o pagamento de b\u00f4nus para que os servidores trabalhem em horas extras na avalia\u00e7\u00e3o dos pedidos.<\/p>\n\n\n\n<p>Marinho defendeu que o problema foi gerado em governos anteriores, com o incentivo a aposentadoria de cerca de sete mil servidores do instituto em 2019 e a cria\u00e7\u00e3o do aplicativo para pedido virtual do benef\u00edcio sem mudan\u00e7as na estrutura do \u00f3rg\u00e3o.<\/p>\n\n\n\n<p>O secret\u00e1rio argumentou ainda que a realiza\u00e7\u00e3o de um concurso p\u00fablico para o \u00f3rg\u00e3o, al\u00e9m de ir contra o projeto de redu\u00e7\u00e3o do estado, n\u00e3o surtiria efeitos, j\u00e1 que o processo demandaria cerca de um ano at\u00e9 que os novos servidores assumissem.<\/p>\n\n\n\n<p>Segundo ele, o governo Bolsonaro vem conseguindo subtrair mensalmente 70 mil pedidos da fila de processos atrasados, que soma cerca de 1,3 milh\u00e3o de pedidos. A cada m\u00eas, mais cerca de um milh\u00e3o de pessoas d\u00e3o entrada em novos processos.<\/p>\n\n\n\n<p>\u201cO sistema benefici\u00e1rio n\u00e3o \u00e9 um sistema qualquer\u201d, defendeu Marinho, alegando que s\u00e3o 35 milh\u00f5es de benefici\u00e1rios, R$ 50 bilh\u00f5es em pagamento mensais e capilaridade por todo o Brasil. Atualmente, mais de 90% dos processos s\u00e3o iniciados de forma virtual.<\/p>\n","protected":false},"excerpt":{"rendered":"<p>&nbsp;O secret\u00e1rio de Trabalho e Previd\u00eancia do Minist\u00e9rio da Economia, Rog\u00e9rio Marinho, disse nesta sexta (31) que as medidas anunciadas pelo governo devem regularizar a&hellip; <\/p>\n","protected":false},"author":1,"featured_media":150781,"comment_status":"closed","ping_status":"closed","sticky":false,"template":"","format":"standard","meta":{"sfsi_plus_gutenberg_text_before_share":"","sfsi_plus_gutenberg_show_text_before_share":"","sfsi_plus_gutenberg_icon_type":"","sfsi_plus_gutenberg_icon_alignemt":"","sfsi_plus_gutenburg_max_per_row":"","footnotes":""},"categories":[2],"tags":[],"class_list":["post-150780","post","type-post","status-publish","format-standard","has-post-thumbnail","hentry","category-geral"],"_links":{"self":[{"href":"https:\/\/www.caririemacao.com\/1\/wp-json\/wp\/v2\/posts\/150780","targetHints":{"allow":["GET"]}}],"collection":[{"href":"https:\/\/www.caririemacao.com\/1\/wp-json\/wp\/v2\/posts"}],"about":[{"href":"https:\/\/www.caririemacao.com\/1\/wp-json\/wp\/v2\/types\/post"}],"author":[{"embeddable":true,"href":"https:\/\/www.caririemacao.com\/1\/wp-json\/wp\/v2\/users\/1"}],"replies":[{"embeddable":true,"href":"https:\/\/www.caririemacao.com\/1\/wp-json\/wp\/v2\/comments?post=150780"}],"version-history":[{"count":1,"href":"https:\/\/www.caririemacao.com\/1\/wp-json\/wp\/v2\/posts\/150780\/revisions"}],"predecessor-version":[{"id":150782,"href":"https:\/\/www.caririemacao.com\/1\/wp-json\/wp\/v2\/posts\/150780\/revisions\/150782"}],"wp:featuredmedia":[{"embeddable":true,"href":"https:\/\/www.caririemacao.com\/1\/wp-json\/wp\/v2\/media\/150781"}],"wp:attachment":[{"href":"https:\/\/www.caririemacao.com\/1\/wp-json\/wp\/v2\/media?parent=150780"}],"wp:term":[{"taxonomy":"category","embeddable":true,"href":"https:\/\/www.caririemacao.com\/1\/wp-json\/wp\/v2\/categories?post=150780"},{"taxonomy":"post_tag","embeddable":true,"href":"https:\/\/www.caririemacao.com\/1\/wp-json\/wp\/v2\/tags?post=150780"}],"curies":[{"name":"wp","href":"https:\/\/api.w.org\/{rel}","templated":true}]}}