{"id":150783,"date":"2020-02-01T08:44:04","date_gmt":"2020-02-01T11:44:04","guid":{"rendered":"http:\/\/www.caririemacao.com\/1\/?p=150783"},"modified":"2020-02-01T08:44:05","modified_gmt":"2020-02-01T11:44:05","slug":"aguas-do-sao-francisco-se-aproximam-de-boqueirao","status":"publish","type":"post","link":"https:\/\/www.caririemacao.com\/1\/2020\/02\/01\/aguas-do-sao-francisco-se-aproximam-de-boqueirao\/","title":{"rendered":"\u00c1guas do S\u00e3o Francisco se aproximam de Boqueir\u00e3o"},"content":{"rendered":"\n<p><a href=\"https:\/\/paraibaonline.com.br\/2019\/11\/video-aguas-do-sao-francisco-chegam-a-monteiro-e-seguem-para-boqueirao\/\">Tendo chegado ao munic\u00edpio de Monteiro desde o m\u00eas de novembro do ano passado<\/a>, a \u00e1gua oriunda da Transposi\u00e7\u00e3o do Rio S\u00e3o Francisco n\u00e3o chegou ainda ao A\u00e7ude Epit\u00e1cio Pessoa, mais conhecido como Boqueir\u00e3o.<\/p>\n\n\n\n<p>Atualmente, a \u00e1gua est\u00e1 entre os munic\u00edpios do Congo e de Camala\u00fa, a uma dist\u00e2ncia de aproximadamente 46 quil\u00f4metros.<\/p>\n\n\n\n<p>Segundo o gerente regional da Aesa (Ag\u00eancia Executiva de Gest\u00e3o das \u00c1guas), Jo\u00e3o Adelino, a perspectiva \u00e9 de que as \u00e1guas cheguem \u00e0 bacia do A\u00e7ude Epit\u00e1cio Pessoa j\u00e1 neste m\u00eas de fevereiro.<\/p>\n\n\n\n<p>* Com informa\u00e7\u00f5es da TV Para\u00edba<\/p>\n","protected":false},"excerpt":{"rendered":"<p>Tendo chegado ao munic\u00edpio de Monteiro desde o m\u00eas de novembro do ano passado, a \u00e1gua oriunda da Transposi\u00e7\u00e3o do Rio S\u00e3o Francisco n\u00e3o chegou&hellip; <\/p>\n","protected":false},"author":1,"featured_media":150784,"comment_status":"closed","ping_status":"closed","sticky":false,"template":"","format":"standard","meta":{"sfsi_plus_gutenberg_text_before_share":"","sfsi_plus_gutenberg_show_text_before_share":"","sfsi_plus_gutenberg_icon_type":"","sfsi_plus_gutenberg_icon_alignemt":"","sfsi_plus_gutenburg_max_per_row":"","footnotes":""},"categories":[2],"tags":[],"class_list":["post-150783","post","type-post","status-publish","format-standard","has-post-thumbnail","hentry","category-geral"],"_links":{"self":[{"href":"https:\/\/www.caririemacao.com\/1\/wp-json\/wp\/v2\/posts\/150783","targetHints":{"allow":["GET"]}}],"collection":[{"href":"https:\/\/www.caririemacao.com\/1\/wp-json\/wp\/v2\/posts"}],"about":[{"href":"https:\/\/www.caririemacao.com\/1\/wp-json\/wp\/v2\/types\/post"}],"author":[{"embeddable":true,"href":"https:\/\/www.caririemacao.com\/1\/wp-json\/wp\/v2\/users\/1"}],"replies":[{"embeddable":true,"href":"https:\/\/www.caririemacao.com\/1\/wp-json\/wp\/v2\/comments?post=150783"}],"version-history":[{"count":1,"href":"https:\/\/www.caririemacao.com\/1\/wp-json\/wp\/v2\/posts\/150783\/revisions"}],"predecessor-version":[{"id":150785,"href":"https:\/\/www.caririemacao.com\/1\/wp-json\/wp\/v2\/posts\/150783\/revisions\/150785"}],"wp:featuredmedia":[{"embeddable":true,"href":"https:\/\/www.caririemacao.com\/1\/wp-json\/wp\/v2\/media\/150784"}],"wp:attachment":[{"href":"https:\/\/www.caririemacao.com\/1\/wp-json\/wp\/v2\/media?parent=150783"}],"wp:term":[{"taxonomy":"category","embeddable":true,"href":"https:\/\/www.caririemacao.com\/1\/wp-json\/wp\/v2\/categories?post=150783"},{"taxonomy":"post_tag","embeddable":true,"href":"https:\/\/www.caririemacao.com\/1\/wp-json\/wp\/v2\/tags?post=150783"}],"curies":[{"name":"wp","href":"https:\/\/api.w.org\/{rel}","templated":true}]}}