{"id":150790,"date":"2020-02-01T08:47:15","date_gmt":"2020-02-01T11:47:15","guid":{"rendered":"http:\/\/www.caririemacao.com\/1\/?p=150790"},"modified":"2020-02-01T08:47:17","modified_gmt":"2020-02-01T11:47:17","slug":"dolar-passa-de-r-428-e-fecha-no-maior-nivel-desde-criacao-do-real","status":"publish","type":"post","link":"https:\/\/www.caririemacao.com\/1\/2020\/02\/01\/dolar-passa-de-r-428-e-fecha-no-maior-nivel-desde-criacao-do-real\/","title":{"rendered":"D\u00f3lar passa de R$ 4,28 e fecha no maior n\u00edvel desde cria\u00e7\u00e3o do real"},"content":{"rendered":"\n<p>Em um dia marcado por forte volatilidade no mercado financeiro, o d\u00f3lar voltou a subir e fechou no maior valor nominal desde a cria\u00e7\u00e3o do real. O d\u00f3lar comercial encerrou a sexta-feira (31) vendido a R$ 4,286, com alta de R$ 0,027 (0,63%).<\/p>\n\n\n\n<p>Foi a terceira sess\u00e3o seguida de alta da moeda norte-americana, que encerrou janeiro com valoriza\u00e7\u00e3o de 6,8% em rela\u00e7\u00e3o ao real. Essa foi a maior alta para meses de janeiro em dez anos. A divisa sobe h\u00e1 cinco semanas seguidas. O euro comercial tamb\u00e9m subiu e fechou o dia em R$ 4,753, alta de 1,5%.<\/p>\n\n\n\n<p>Nem a interven\u00e7\u00e3o do Banco Central (BC) segurou a cota\u00e7\u00e3o. Hoje, a autoridade monet\u00e1ria&nbsp;<a href=\"http:\/\/agenciabrasil.ebc.com.br\/economia\/noticia\/2020-01\/bc-vendera-us-3-bi-das-reservas-internacionais-depois-de-recorde\" target=\"_blank\" rel=\"noreferrer noopener\">vendeu US$ 3 bilh\u00f5es&nbsp;<\/a>das reservas internacionais com compromisso de recomprar o dinheiro em junho.<\/p>\n\n\n\n<p>A turbul\u00eancia repetiu-se no mercado de a\u00e7\u00f5es. Depois de uma recupera\u00e7\u00e3o ontem (30), o \u00edndice Ibovespa, da B3 (antiga Bolsa de Valores de S\u00e3o Paulo), fechou o dia com queda de 1,66%, aos 113.605 pontos. O indicador operou o dia todo em baixa.<\/p>\n\n\n\n<p>A sess\u00e3o foi marcada pelo receio de que o novo v\u00edrus descoberto na China traga impactos para a segunda maior economia do planeta. Ontem, a Organiza\u00e7\u00e3o Mundial de Sa\u00fade (OMS) declarou&nbsp;<a href=\"https:\/\/agenciabrasil.ebc.com.br\/saude\/noticia\/2020-01\/oms-declara-estado-de-emergencia-global-em-razao-do-coronavirus\" target=\"_blank\" rel=\"noreferrer noopener\">estado de emerg\u00eancia global&nbsp;<\/a>&nbsp;por causa da doen\u00e7a. A China e pa\u00edses pr\u00f3ximos adotaram medidas para conter a dissemina\u00e7\u00e3o da doen\u00e7a.<\/p>\n\n\n\n<p>O an\u00fancio pelo governo chin\u00eas de que o coronav\u00edrus ter\u00e1 menos impacto na sa\u00fade e na economia do que a epidemia de S\u00edndrome Respirat\u00f3ria Aguda Grave (Sars, sigla em ingl\u00eas), em 2003, foi&nbsp;<a href=\"http:\/\/agenciabrasil.ebc.com.br\/saude\/noticia\/2020-01\/china-coronavirus-tera-menos-efeitos-na-saude-e-na-economia-que-sars\" target=\"_blank\" rel=\"noreferrer noopener\">insuficiente para acalmar o mercado<\/a>&nbsp;. A taxa de mortalidade do v\u00edrus, at\u00e9 agora, est\u00e1 em 2%, menor que a de outras epidemias globais.<\/p>\n\n\n\n<p>O confinamento dos habitantes de diversas cidades afetadas pela doen\u00e7a reduz a produ\u00e7\u00e3o e o consumo da China. A expectativa de desacelera\u00e7\u00e3o da economia chinesa impacta diretamente pa\u00edses como o Brasil, que exporta diversos produtos, principalmente commodities (bens prim\u00e1rios com cota\u00e7\u00e3o internacional) para o pa\u00eds asi\u00e1tico. Com menos exporta\u00e7\u00f5es, menos d\u00f3lares entram no pa\u00eds, pressionando a cota\u00e7\u00e3o para cima.<\/p>\n\n\n\n<p>As expectativas em torno da pol\u00edtica monet\u00e1ria tamb\u00e9m interferiram nas negocia\u00e7\u00f5es. Na pr\u00f3xima semana, o Comit\u00ea de Pol\u00edtica Monet\u00e1ria (Copom) do Banco Central define os juros b\u00e1sicos no Brasil. Caso a taxa Selic \u2013 juros b\u00e1sicos \u2013 caia para 4,25% ao ano, o pa\u00eds se tornar\u00e1 menos atrativo para os investidores externos, e a entrada de d\u00f3lares diminuir\u00e1.<\/p>\n","protected":false},"excerpt":{"rendered":"<p>Em um dia marcado por forte volatilidade no mercado financeiro, o d\u00f3lar voltou a subir e fechou no maior valor nominal desde a cria\u00e7\u00e3o do&hellip; <\/p>\n","protected":false},"author":1,"featured_media":107924,"comment_status":"closed","ping_status":"closed","sticky":false,"template":"","format":"standard","meta":{"sfsi_plus_gutenberg_text_before_share":"","sfsi_plus_gutenberg_show_text_before_share":"","sfsi_plus_gutenberg_icon_type":"","sfsi_plus_gutenberg_icon_alignemt":"","sfsi_plus_gutenburg_max_per_row":"","footnotes":""},"categories":[2],"tags":[],"class_list":["post-150790","post","type-post","status-publish","format-standard","has-post-thumbnail","hentry","category-geral"],"_links":{"self":[{"href":"https:\/\/www.caririemacao.com\/1\/wp-json\/wp\/v2\/posts\/150790","targetHints":{"allow":["GET"]}}],"collection":[{"href":"https:\/\/www.caririemacao.com\/1\/wp-json\/wp\/v2\/posts"}],"about":[{"href":"https:\/\/www.caririemacao.com\/1\/wp-json\/wp\/v2\/types\/post"}],"author":[{"embeddable":true,"href":"https:\/\/www.caririemacao.com\/1\/wp-json\/wp\/v2\/users\/1"}],"replies":[{"embeddable":true,"href":"https:\/\/www.caririemacao.com\/1\/wp-json\/wp\/v2\/comments?post=150790"}],"version-history":[{"count":1,"href":"https:\/\/www.caririemacao.com\/1\/wp-json\/wp\/v2\/posts\/150790\/revisions"}],"predecessor-version":[{"id":150792,"href":"https:\/\/www.caririemacao.com\/1\/wp-json\/wp\/v2\/posts\/150790\/revisions\/150792"}],"wp:featuredmedia":[{"embeddable":true,"href":"https:\/\/www.caririemacao.com\/1\/wp-json\/wp\/v2\/media\/107924"}],"wp:attachment":[{"href":"https:\/\/www.caririemacao.com\/1\/wp-json\/wp\/v2\/media?parent=150790"}],"wp:term":[{"taxonomy":"category","embeddable":true,"href":"https:\/\/www.caririemacao.com\/1\/wp-json\/wp\/v2\/categories?post=150790"},{"taxonomy":"post_tag","embeddable":true,"href":"https:\/\/www.caririemacao.com\/1\/wp-json\/wp\/v2\/tags?post=150790"}],"curies":[{"name":"wp","href":"https:\/\/api.w.org\/{rel}","templated":true}]}}