{"id":150794,"date":"2020-02-01T08:50:42","date_gmt":"2020-02-01T11:50:42","guid":{"rendered":"http:\/\/www.caririemacao.com\/1\/?p=150794"},"modified":"2020-02-01T08:50:44","modified_gmt":"2020-02-01T11:50:44","slug":"matriculas-em-creches-publicas-cresceram-44-em-2019-diz-mec","status":"publish","type":"post","link":"https:\/\/www.caririemacao.com\/1\/2020\/02\/01\/matriculas-em-creches-publicas-cresceram-44-em-2019-diz-mec\/","title":{"rendered":"Matr\u00edculas em creches p\u00fablicas cresceram 4,4% em 2019, diz MEC"},"content":{"rendered":"\n<p>O Minist\u00e9rio da Educa\u00e7\u00e3o (MEC) informou hoje (31) que as matr\u00edculas nas creches p\u00fablicas cresceram 4,4 % em 2019 em rela\u00e7\u00e3o ao ano de 2018. De acordo com a pasta, no ano passado, 2,4 milh\u00f5es crian\u00e7as de at\u00e9 3 anos foram matriculadas. Em 2018, o n\u00famero foi de 2,3 milh\u00f5es. Os dados est\u00e3o dispon\u00edveis no Censo Escolar 2019, divulgado nesta sexta-feira pelo minist\u00e9rio.&nbsp;<\/p>\n\n\n\n<p>O levantamento tamb\u00e9m mostra que existem em todo o pa\u00eds 71,4 mil creches p\u00fablicas e privadas em funcionamento, totalizando 3,7 milh\u00f5es de alunos.&nbsp;<\/p>\n\n\n\n<p>De acordo com as informa\u00e7\u00f5es, tamb\u00e9m houve aumento no n\u00famero de matr\u00edculas de alunos que cursam o ensino m\u00e9dio em tempo integral. Segundo o minist\u00e9rio, atualmente, 10,8% do total de matr\u00edculas s\u00e3o de estudantes que passam pelo menos sete horas nas atividades escolares.&nbsp;<\/p>\n\n\n\n<figure class=\"wp-block-image\"><img decoding=\"async\" data-src=\"http:\/\/imagens.ebc.com.br\/duf0LzfvRbqRk21mEdJ3re9l2Qg=\/365x0\/smart\/http:\/\/agenciabrasil.ebc.com.br\/sites\/default\/files\/atoms\/image\/creche.jpg?itok=_rsX-5dw\" alt=\"creche\" src=\"data:image\/svg+xml;base64,PHN2ZyB3aWR0aD0iMSIgaGVpZ2h0PSIxIiB4bWxucz0iaHR0cDovL3d3dy53My5vcmcvMjAwMC9zdmciPjwvc3ZnPg==\" class=\"lazyload\" \/><\/figure>\n\n\n\n<h6 class=\"wp-block-heading\">Segundo o Censo Escolar 2019,&nbsp;existem no Brasil 71,4 mil creches &#8211;&nbsp;<strong>Antonio Cruz\/Arquivo Ag\u00eancia Brasil<\/strong><\/h6>\n\n\n\n<p>A pesquisa trouxe mais cem novos campos de informa\u00e7\u00f5es para a pesquisa. Segundo os novos resultados, existem 187,7 mil gestores nas escolas brasileiras, sendo 80,8% mulheres em cargos de dire\u00e7\u00e3o. A pesquisa tamb\u00e9m revelou que 10% dos diretores t\u00eam no curr\u00edculo curso de forma\u00e7\u00e3o continuada em gest\u00e3o escolar.&nbsp;<\/p>\n\n\n\n<p>O Censo Escolar \u00e9 realizado anualmente pelo Instituto Nacional de Estudos e Pesquisas Educacionais An\u00edsio Teixeira (Inep), \u00f3rg\u00e3o do Minist\u00e9rio da Educa\u00e7\u00e3o.&nbsp;<\/p>\n","protected":false},"excerpt":{"rendered":"<p>O Minist\u00e9rio da Educa\u00e7\u00e3o (MEC) informou hoje (31) que as matr\u00edculas nas creches p\u00fablicas cresceram 4,4 % em 2019 em rela\u00e7\u00e3o ao ano de 2018.&hellip; <\/p>\n","protected":false},"author":1,"featured_media":150795,"comment_status":"closed","ping_status":"closed","sticky":false,"template":"","format":"standard","meta":{"sfsi_plus_gutenberg_text_before_share":"","sfsi_plus_gutenberg_show_text_before_share":"","sfsi_plus_gutenberg_icon_type":"","sfsi_plus_gutenberg_icon_alignemt":"","sfsi_plus_gutenburg_max_per_row":"","footnotes":""},"categories":[14],"tags":[],"class_list":["post-150794","post","type-post","status-publish","format-standard","has-post-thumbnail","hentry","category-educacao"],"_links":{"self":[{"href":"https:\/\/www.caririemacao.com\/1\/wp-json\/wp\/v2\/posts\/150794","targetHints":{"allow":["GET"]}}],"collection":[{"href":"https:\/\/www.caririemacao.com\/1\/wp-json\/wp\/v2\/posts"}],"about":[{"href":"https:\/\/www.caririemacao.com\/1\/wp-json\/wp\/v2\/types\/post"}],"author":[{"embeddable":true,"href":"https:\/\/www.caririemacao.com\/1\/wp-json\/wp\/v2\/users\/1"}],"replies":[{"embeddable":true,"href":"https:\/\/www.caririemacao.com\/1\/wp-json\/wp\/v2\/comments?post=150794"}],"version-history":[{"count":1,"href":"https:\/\/www.caririemacao.com\/1\/wp-json\/wp\/v2\/posts\/150794\/revisions"}],"predecessor-version":[{"id":150796,"href":"https:\/\/www.caririemacao.com\/1\/wp-json\/wp\/v2\/posts\/150794\/revisions\/150796"}],"wp:featuredmedia":[{"embeddable":true,"href":"https:\/\/www.caririemacao.com\/1\/wp-json\/wp\/v2\/media\/150795"}],"wp:attachment":[{"href":"https:\/\/www.caririemacao.com\/1\/wp-json\/wp\/v2\/media?parent=150794"}],"wp:term":[{"taxonomy":"category","embeddable":true,"href":"https:\/\/www.caririemacao.com\/1\/wp-json\/wp\/v2\/categories?post=150794"},{"taxonomy":"post_tag","embeddable":true,"href":"https:\/\/www.caririemacao.com\/1\/wp-json\/wp\/v2\/tags?post=150794"}],"curies":[{"name":"wp","href":"https:\/\/api.w.org\/{rel}","templated":true}]}}