{"id":150798,"date":"2020-02-01T08:54:26","date_gmt":"2020-02-01T11:54:26","guid":{"rendered":"http:\/\/www.caririemacao.com\/1\/?p=150798"},"modified":"2020-02-01T08:54:28","modified_gmt":"2020-02-01T11:54:28","slug":"aneel-define-que-conta-de-luz-nao-tera-cobranca-extra-em-fevereiro","status":"publish","type":"post","link":"https:\/\/www.caririemacao.com\/1\/2020\/02\/01\/aneel-define-que-conta-de-luz-nao-tera-cobranca-extra-em-fevereiro\/","title":{"rendered":"Aneel define que conta de luz n\u00e3o ter\u00e1 cobran\u00e7a extra em fevereiro"},"content":{"rendered":"\n<p>A Ag\u00eancia Nacional de Energia El\u00e9trica (Aneel) informou hoje (31) que a bandeira tarif\u00e1ria no m\u00eas de fevereiro ser\u00e1 verde, ou seja, n\u00e3o haver\u00e1 custo extra na conta de luz para os consumidores. Segundo a ag\u00eancia, o m\u00eas dever\u00e1 ser chuvoso nas \u00e1reas onde est\u00e3o localizados os principais reservat\u00f3rios das hidrel\u00e9tricas e o custo de gera\u00e7\u00e3o de energia ser\u00e1 menor. Dessa forma, n\u00e3o haver\u00e1 necessidade de acionamento das usinas termoel\u00e9tricas, que custam mais para gerar energia.&nbsp;<\/p>\n\n\n\n<p>Criado pela Aneel, o sistema de bandeiras tarif\u00e1rias sinaliza o custo real da energia gerada, possibilitando aos consumidores o bom uso da energia el\u00e9trica. O c\u00e1lculo para acionamento das bandeiras tarif\u00e1rias leva em conta, principalmente, dois fatores: o risco hidrol\u00f3gico (GSF, na sigla em ingl\u00eas) e o pre\u00e7o da energia (PLD).<\/p>\n\n\n\n<p>As bandeiras tarif\u00e1rias funcionam da seguinte maneira. As cores verde, amarela ou vermelha (nos patamares 1 e 2) indicam se a energia custar\u00e1 mais ou menos em fun\u00e7\u00e3o das condi\u00e7\u00f5es de gera\u00e7\u00e3o, sendo a bandeira vermelha a que tem um custo maior e a verde, o menor.<\/p>\n\n\n\n<p>Os recursos pagos pelos consumidores v\u00e3o para uma conta espec\u00edfica e depois s\u00e3o repassados \u00e0s distribuidoras de energia para compensar o custo extra da produ\u00e7\u00e3o de energia em per\u00edodos de seca.<\/p>\n","protected":false},"excerpt":{"rendered":"<p>A Ag\u00eancia Nacional de Energia El\u00e9trica (Aneel) informou hoje (31) que a bandeira tarif\u00e1ria no m\u00eas de fevereiro ser\u00e1 verde, ou seja, n\u00e3o haver\u00e1 custo&hellip; <\/p>\n","protected":false},"author":1,"featured_media":150799,"comment_status":"closed","ping_status":"closed","sticky":false,"template":"","format":"standard","meta":{"sfsi_plus_gutenberg_text_before_share":"","sfsi_plus_gutenberg_show_text_before_share":"","sfsi_plus_gutenberg_icon_type":"","sfsi_plus_gutenberg_icon_alignemt":"","sfsi_plus_gutenburg_max_per_row":"","footnotes":""},"categories":[2],"tags":[],"class_list":["post-150798","post","type-post","status-publish","format-standard","has-post-thumbnail","hentry","category-geral"],"_links":{"self":[{"href":"https:\/\/www.caririemacao.com\/1\/wp-json\/wp\/v2\/posts\/150798","targetHints":{"allow":["GET"]}}],"collection":[{"href":"https:\/\/www.caririemacao.com\/1\/wp-json\/wp\/v2\/posts"}],"about":[{"href":"https:\/\/www.caririemacao.com\/1\/wp-json\/wp\/v2\/types\/post"}],"author":[{"embeddable":true,"href":"https:\/\/www.caririemacao.com\/1\/wp-json\/wp\/v2\/users\/1"}],"replies":[{"embeddable":true,"href":"https:\/\/www.caririemacao.com\/1\/wp-json\/wp\/v2\/comments?post=150798"}],"version-history":[{"count":1,"href":"https:\/\/www.caririemacao.com\/1\/wp-json\/wp\/v2\/posts\/150798\/revisions"}],"predecessor-version":[{"id":150800,"href":"https:\/\/www.caririemacao.com\/1\/wp-json\/wp\/v2\/posts\/150798\/revisions\/150800"}],"wp:featuredmedia":[{"embeddable":true,"href":"https:\/\/www.caririemacao.com\/1\/wp-json\/wp\/v2\/media\/150799"}],"wp:attachment":[{"href":"https:\/\/www.caririemacao.com\/1\/wp-json\/wp\/v2\/media?parent=150798"}],"wp:term":[{"taxonomy":"category","embeddable":true,"href":"https:\/\/www.caririemacao.com\/1\/wp-json\/wp\/v2\/categories?post=150798"},{"taxonomy":"post_tag","embeddable":true,"href":"https:\/\/www.caririemacao.com\/1\/wp-json\/wp\/v2\/tags?post=150798"}],"curies":[{"name":"wp","href":"https:\/\/api.w.org\/{rel}","templated":true}]}}