{"id":150802,"date":"2020-02-01T08:55:54","date_gmt":"2020-02-01T11:55:54","guid":{"rendered":"http:\/\/www.caririemacao.com\/1\/?p=150802"},"modified":"2020-02-01T08:57:04","modified_gmt":"2020-02-01T11:57:04","slug":"recuperacao-de-fgts-nao-recolhido-bate-recorde-em-2019","status":"publish","type":"post","link":"https:\/\/www.caririemacao.com\/1\/2020\/02\/01\/recuperacao-de-fgts-nao-recolhido-bate-recorde-em-2019\/","title":{"rendered":"Recupera\u00e7\u00e3o de FGTS n\u00e3o recolhido bate recorde em 2019"},"content":{"rendered":"\n<p>A recupera\u00e7\u00e3o do Fundo de Garantia do Tempo de Servi\u00e7o (FGTS) n\u00e3o depositado pelos empregadores bateu recorde em 2019. Segundo balan\u00e7o divulgado pela Secretaria de Trabalho do Minist\u00e9rio da Economia, os auditores fiscais do trabalho conseguiram reaver R$ 6,31 bilh\u00f5es n\u00e3o repassados \u00e0s contas vinculadas dos trabalhadores.<\/p>\n\n\n\n<p>O valor recuperado para o FGTS \u00e9&nbsp;<a href=\"http:\/\/agenciabrasil.ebc.com.br\/economia\/noticia\/2019-01\/fiscalizacao-do-trabalho-recuperou-r-52-bi-de-fgts-nao-recolhido\" target=\"_blank\" rel=\"noreferrer noopener\">21,3% superior aos R$ 5,2 bilh\u00f5es<\/a>&nbsp;devolvidos ao fundo em 2018. O dinheiro revisto \u00e9 depositado nas contas dos trabalhadores.<\/p>\n\n\n\n<p>A recupera\u00e7\u00e3o no ano passado resultou de 46.083 a\u00e7\u00f5es de fiscaliza\u00e7\u00e3o. Dos R$ 6,31 bilh\u00f5es, R$ 1,54 bilh\u00e3o foram identificados pela for\u00e7a-tarefa de fiscaliza\u00e7\u00e3o em grandes devedores e pelos grupos m\u00f3veis dedicados exclusivamente \u00e0 apura\u00e7\u00e3o de d\u00e9bitos do FGTS. Por meio do cruzamento eletr\u00f4nico dos dados declarados pelas empresas em diversos sistemas do governo, foram recuperadosR$ 30,25 milh\u00f5es.<\/p>\n\n\n\n<p>O recolhimento do FGTS \u00e9 um direito dos trabalhadores e uma das obriga\u00e7\u00f5es dos empregadores no caso de contrata\u00e7\u00f5es com carteira assinada, tempor\u00e1rios, avulsos, trabalhadores rurais e atletas. O valor corresponde a 8% da remunera\u00e7\u00e3o paga no m\u00eas anterior.<\/p>\n\n\n\n<h2 class=\"wp-block-heading\">Autua\u00e7\u00f5es<\/h2>\n\n\n\n<p>A Secretaria de Trabalho tamb\u00e9m divulgou o balan\u00e7o das autua\u00e7\u00f5es no ano passado. Ao todo, mais de 35 milh\u00f5es de trabalhadores foram beneficiados por 221,94 mil opera\u00e7\u00f5es realizadas em empresas em 2019 em todo o pa\u00eds. O resultado inclui as&nbsp;<a href=\"http:\/\/agenciabrasil.ebc.com.br\/direitos-humanos\/noticia\/2020-01\/brasil-teve-mais-de-mil-pessoas-resgatadas-do-trabalho-escravo-em\" target=\"_blank\" rel=\"noreferrer noopener\">1.054 pessoas resgatadas do trabalho escravo<\/a>&nbsp;no ano passado, cujo resultado foi divulgado na \u00faltima&nbsp;ter\u00e7a-feira (28).<\/p>\n\n\n\n<p>As fiscaliza\u00e7\u00f5es verificam contrata\u00e7\u00f5es irregulares, viola\u00e7\u00f5es de normas de sa\u00fade e seguran\u00e7a, cumprimento de exig\u00eancias m\u00ednimas na contrata\u00e7\u00e3o de pessoas com defici\u00eancia e de jovens aprendizes, recolhimento do FGTS, trabalho infantil e trabalho an\u00e1logo \u00e0 escravid\u00e3o.<\/p>\n\n\n\n<p>Em diversos tipos de a\u00e7\u00f5es, os resultados de 2019 superaram os do ano anterior. O total de regulariza\u00e7\u00f5es por falta de registro na carteira de trabalho subiu de 121.205 em 2018 para 133.674 no ano passado. Os flagrantes de descumprimento na contrata\u00e7\u00e3o de aprendizes passaram de 131.740 para 135.202.<\/p>\n\n\n\n<p>O n\u00famero de opera\u00e7\u00f5es com foco espec\u00edfico tamb\u00e9m aumentou. As opera\u00e7\u00f5es voltadas para a preven\u00e7\u00e3o de acidentes e doen\u00e7as do trabalho saltaram de 42.158 em 2018 para 44.876 em 2019. As a\u00e7\u00f5es de fiscaliza\u00e7\u00e3o contra o trabalho infantil subiram de 6.694 para 7.329. As opera\u00e7\u00f5es contra o trabalho an\u00e1logo ao escravo cresceram de 249 para 267.<\/p>\n","protected":false},"excerpt":{"rendered":"<p>A recupera\u00e7\u00e3o do Fundo de Garantia do Tempo de Servi\u00e7o (FGTS) n\u00e3o depositado pelos empregadores bateu recorde em 2019. Segundo balan\u00e7o divulgado pela Secretaria de&hellip; <\/p>\n","protected":false},"author":1,"featured_media":143931,"comment_status":"closed","ping_status":"closed","sticky":false,"template":"","format":"standard","meta":{"sfsi_plus_gutenberg_text_before_share":"","sfsi_plus_gutenberg_show_text_before_share":"","sfsi_plus_gutenberg_icon_type":"","sfsi_plus_gutenberg_icon_alignemt":"","sfsi_plus_gutenburg_max_per_row":"","footnotes":""},"categories":[2],"tags":[],"class_list":["post-150802","post","type-post","status-publish","format-standard","has-post-thumbnail","hentry","category-geral"],"_links":{"self":[{"href":"https:\/\/www.caririemacao.com\/1\/wp-json\/wp\/v2\/posts\/150802","targetHints":{"allow":["GET"]}}],"collection":[{"href":"https:\/\/www.caririemacao.com\/1\/wp-json\/wp\/v2\/posts"}],"about":[{"href":"https:\/\/www.caririemacao.com\/1\/wp-json\/wp\/v2\/types\/post"}],"author":[{"embeddable":true,"href":"https:\/\/www.caririemacao.com\/1\/wp-json\/wp\/v2\/users\/1"}],"replies":[{"embeddable":true,"href":"https:\/\/www.caririemacao.com\/1\/wp-json\/wp\/v2\/comments?post=150802"}],"version-history":[{"count":1,"href":"https:\/\/www.caririemacao.com\/1\/wp-json\/wp\/v2\/posts\/150802\/revisions"}],"predecessor-version":[{"id":150804,"href":"https:\/\/www.caririemacao.com\/1\/wp-json\/wp\/v2\/posts\/150802\/revisions\/150804"}],"wp:featuredmedia":[{"embeddable":true,"href":"https:\/\/www.caririemacao.com\/1\/wp-json\/wp\/v2\/media\/143931"}],"wp:attachment":[{"href":"https:\/\/www.caririemacao.com\/1\/wp-json\/wp\/v2\/media?parent=150802"}],"wp:term":[{"taxonomy":"category","embeddable":true,"href":"https:\/\/www.caririemacao.com\/1\/wp-json\/wp\/v2\/categories?post=150802"},{"taxonomy":"post_tag","embeddable":true,"href":"https:\/\/www.caririemacao.com\/1\/wp-json\/wp\/v2\/tags?post=150802"}],"curies":[{"name":"wp","href":"https:\/\/api.w.org\/{rel}","templated":true}]}}