{"id":150807,"date":"2020-02-01T08:58:18","date_gmt":"2020-02-01T11:58:18","guid":{"rendered":"http:\/\/www.caririemacao.com\/1\/?p=150807"},"modified":"2020-02-01T08:58:21","modified_gmt":"2020-02-01T11:58:21","slug":"sisu-envio-de-documentos-para-matricula-vai-ate-terca-feira","status":"publish","type":"post","link":"https:\/\/www.caririemacao.com\/1\/2020\/02\/01\/sisu-envio-de-documentos-para-matricula-vai-ate-terca-feira\/","title":{"rendered":"Sisu: envio de documentos para matr\u00edcula vai at\u00e9 ter\u00e7a-feira"},"content":{"rendered":"\n<p>Os estudantes classificados no Sistema de Sele\u00e7\u00e3o Unificada (Sisu) 2020 t\u00eam at\u00e9 o dia 4 de fevereiro para enviar \u00e0s institui\u00e7\u00f5es de ensino a documenta\u00e7\u00e3o necess\u00e1ria para se matricular no curso para o qual foram aprovados.<\/p>\n\n\n\n<p><a href=\"http:\/\/agenciabrasil.ebc.com.br\/educacao\/noticia\/2020-01\/apos-pedido-da-agu-stj-libera-divulgacao-do-resultado-do-sisu\" target=\"_blank\" rel=\"noreferrer noopener\">O per\u00edodo de matr\u00edculas come\u00e7ou na quarta-feira (29)<\/a>, um dia ap\u00f3s o Superior Tribunal de Justi\u00e7a (STJ) ter liberado a&nbsp;<a href=\"http:\/\/agenciabrasil.ebc.com.br\/educacao\/noticia\/2020-01\/sisu-mec-libera-acesso-ao-resultado\" target=\"_blank\" rel=\"noreferrer noopener\">divulga\u00e7\u00e3o do resultado do Sisu<\/a>, que chegou a ser temporariamente suspensa devido \u00e0s queixas de estudantes que alegavam ter sido prejudicados por problemas na atribui\u00e7\u00e3o de notas.<\/p>\n\n\n\n<p>Na semana passada, o&nbsp;<a href=\"http:\/\/agenciabrasil.ebc.com.br\/educacao\/noticia\/2020-01\/inep-diz-que-erros-na-correcao-do-enem-foram-revistos\" target=\"_blank\" rel=\"noreferrer noopener\">Minist\u00e9rio da Educa\u00e7\u00e3o reconheceu<\/a>&nbsp;que houve erros na atribui\u00e7\u00e3o de notas para cerca de 6 mil estudantes que participaram do Exame Nacional de Ensino M\u00e9dio (Enem).<\/p>\n\n\n\n<p>Foram classificados os estudantes mais bem posicionados, de acordo com as notas no Enem e eventuais pondera\u00e7\u00f5es, como pesos atribu\u00eddos \u00e0s notas ou b\u00f4nus. As vagas s\u00e3o distribu\u00eddas de acordo com a Lei de Cotas (<a href=\"http:\/\/www.planalto.gov.br\/ccivil_03\/_ato2011-2014\/2012\/lei\/l12711.htm\" target=\"_blank\" rel=\"noreferrer noopener\">Lei 12.711\/2012<\/a>) e de pol\u00edticas de a\u00e7\u00f5es afirmativas, que podem variar de institui\u00e7\u00e3o de ensino para institui\u00e7\u00e3o.<\/p>\n\n\n\n<h2 class=\"wp-block-heading\">Lista de Espera<\/h2>\n\n\n\n<p>Na pr\u00f3xima ter\u00e7a-feira (4) tamb\u00e9m termina o prazo para participar da lista de espera. S\u00f3 pode participar da lista de espera quem n\u00e3o foi selecionado em nenhuma das duas op\u00e7\u00f5es escolhidas no momento da inscri\u00e7\u00e3o. Para participar dessa segunda chance, o candidato deve acessar o seu boletim Sisu e manifestar o interesse no prazo especificado no cronograma. \u00c9 importante que o candidato acompanhe junto \u00e0 institui\u00e7\u00e3o da vaga escolhida a lista de espera e as convoca\u00e7\u00f5es para matr\u00edcula.<\/p>\n\n\n\n<p>A convoca\u00e7\u00e3o dos candidatos em lista de espera pelas institui\u00e7\u00f5es tem in\u00edcio a partir do dia 7 de fevereiro e vai at\u00e9 o dia 30 de abril.<\/p>\n","protected":false},"excerpt":{"rendered":"<p>Os estudantes classificados no Sistema de Sele\u00e7\u00e3o Unificada (Sisu) 2020 t\u00eam at\u00e9 o dia 4 de fevereiro para enviar \u00e0s institui\u00e7\u00f5es de ensino a documenta\u00e7\u00e3o&hellip; <\/p>\n","protected":false},"author":1,"featured_media":149190,"comment_status":"closed","ping_status":"closed","sticky":false,"template":"","format":"standard","meta":{"sfsi_plus_gutenberg_text_before_share":"","sfsi_plus_gutenberg_show_text_before_share":"","sfsi_plus_gutenberg_icon_type":"","sfsi_plus_gutenberg_icon_alignemt":"","sfsi_plus_gutenburg_max_per_row":"","footnotes":""},"categories":[14],"tags":[],"class_list":["post-150807","post","type-post","status-publish","format-standard","has-post-thumbnail","hentry","category-educacao"],"_links":{"self":[{"href":"https:\/\/www.caririemacao.com\/1\/wp-json\/wp\/v2\/posts\/150807","targetHints":{"allow":["GET"]}}],"collection":[{"href":"https:\/\/www.caririemacao.com\/1\/wp-json\/wp\/v2\/posts"}],"about":[{"href":"https:\/\/www.caririemacao.com\/1\/wp-json\/wp\/v2\/types\/post"}],"author":[{"embeddable":true,"href":"https:\/\/www.caririemacao.com\/1\/wp-json\/wp\/v2\/users\/1"}],"replies":[{"embeddable":true,"href":"https:\/\/www.caririemacao.com\/1\/wp-json\/wp\/v2\/comments?post=150807"}],"version-history":[{"count":1,"href":"https:\/\/www.caririemacao.com\/1\/wp-json\/wp\/v2\/posts\/150807\/revisions"}],"predecessor-version":[{"id":150808,"href":"https:\/\/www.caririemacao.com\/1\/wp-json\/wp\/v2\/posts\/150807\/revisions\/150808"}],"wp:featuredmedia":[{"embeddable":true,"href":"https:\/\/www.caririemacao.com\/1\/wp-json\/wp\/v2\/media\/149190"}],"wp:attachment":[{"href":"https:\/\/www.caririemacao.com\/1\/wp-json\/wp\/v2\/media?parent=150807"}],"wp:term":[{"taxonomy":"category","embeddable":true,"href":"https:\/\/www.caririemacao.com\/1\/wp-json\/wp\/v2\/categories?post=150807"},{"taxonomy":"post_tag","embeddable":true,"href":"https:\/\/www.caririemacao.com\/1\/wp-json\/wp\/v2\/tags?post=150807"}],"curies":[{"name":"wp","href":"https:\/\/api.w.org\/{rel}","templated":true}]}}