{"id":150810,"date":"2020-02-01T08:59:45","date_gmt":"2020-02-01T11:59:45","guid":{"rendered":"http:\/\/www.caririemacao.com\/1\/?p=150810"},"modified":"2020-02-01T08:59:48","modified_gmt":"2020-02-01T11:59:48","slug":"saiba-que-hospitais-da-paraiba-estao-preparados-para-atender-casos-de-coronavirus","status":"publish","type":"post","link":"https:\/\/www.caririemacao.com\/1\/2020\/02\/01\/saiba-que-hospitais-da-paraiba-estao-preparados-para-atender-casos-de-coronavirus\/","title":{"rendered":"Saiba que hospitais da Para\u00edba est\u00e3o preparados para atender casos de coronav\u00edrus"},"content":{"rendered":"\n<p>A Para\u00edba foi o segundo Estado do Brasil a se mobilizar no sentido de preven\u00e7\u00e3o e atendimentos de casos de coronav\u00edrus. De imediato, tr\u00eas hospitais ser\u00e3o refer\u00eancia no Estado, a exemplo do Complexo Infecto Contagiosas Clementino Fraga, Hospital Universit\u00e1rio Lauro Wanderley (HULW), em Jo\u00e3o Pessoa e o Hospital Universit\u00e1rio Alcides Carneiro (HUAC), caso a doen\u00e7a chegue ao Brasil. Por enquanto h\u00e1 13 casos suspeitos no pa\u00eds, mas nenhum foi confirmado.<br><\/p>\n\n\n\n<p>A Rede Ebserh informou que adquiriu emergencialmente equipamentos de prote\u00e7\u00e3o individual para trabalhadores da \u00e1rea assistencial, por meio de contratos j\u00e1 vigentes. Ser\u00e3o m\u00e1scaras, luvas, aventais e \u00f3culos, totalizando investimentos de R$ 1,2 milh\u00e3o na seguran\u00e7a dos colaboradores dos hospitais da rede.<\/p>\n\n\n\n<p>Tamb\u00e9m foi institu\u00edda a veicula\u00e7\u00e3o de um boletim di\u00e1rio com informa\u00e7\u00f5es atualizadas do Minist\u00e9rio da Sa\u00fade&nbsp;e da OMS, apoiando os hospitais nas diretrizes regulat\u00f3rias e assistenciais, al\u00e9m da participa\u00e7\u00e3o no grupo do minist\u00e9rio que trata das estrat\u00e9gias sanit\u00e1rias sobre o coronav\u00edrus no Brasil.<br><br>A Ebserh est\u00e1 elaborando, ainda, um protocolo assistencial pr\u00f3prio, que poder\u00e1 ser compartilhado com outras institui\u00e7\u00f5es, com informa\u00e7\u00f5es sobre como receber o paciente suspeito de cont\u00e1gio pelo coronav\u00edrus, quais encaminhamentos, que tipo de isolamento, entre outros passos.<\/p>\n\n\n\n<p>O Hospital Clementino Fraga, segundo o Estado, tamb\u00e9m tem estrutura hospitalar preparada para atender casos suspeitos de coronav\u00edrus. \u201cNa eventualidade de ser identificada alguma v\u00edtima em outro servi\u00e7o da rede, est\u00e1 previsto at\u00e9 o transporte aerom\u00e9dico para garantir o melhor tratamento dispon\u00edvel para este paciente. N\u00f3s estamos atentos ao que acontece no mundo e preparados\u201d, garante o secret\u00e1rio da Sa\u00fade, Geraldo Medeiros.<\/p>\n\n\n\n<p>O secret\u00e1rio pontua a possibilidade de adquirir equipamentos de prote\u00e7\u00e3o individual (EPI) em maior volume, caso seja necess\u00e1rio, al\u00e9m de aumentar a vigil\u00e2ncia em portos, aeroportos e fronteiras, como sugere o protocolo do Minist\u00e9rio da Sa\u00fade. \u201cSe for necess\u00e1rio, iremos aderir a uma ata para aquisi\u00e7\u00e3o de EPI para proteger pacientes e profissionais\u201d.<\/p>\n\n\n\n<p>Fonte: Secom com Portal Correio<\/p>\n","protected":false},"excerpt":{"rendered":"<p>A Para\u00edba foi o segundo Estado do Brasil a se mobilizar no sentido de preven\u00e7\u00e3o e atendimentos de casos de coronav\u00edrus. De imediato, tr\u00eas hospitais&hellip; <\/p>\n","protected":false},"author":1,"featured_media":150811,"comment_status":"closed","ping_status":"closed","sticky":false,"template":"","format":"standard","meta":{"sfsi_plus_gutenberg_text_before_share":"","sfsi_plus_gutenberg_show_text_before_share":"","sfsi_plus_gutenberg_icon_type":"","sfsi_plus_gutenberg_icon_alignemt":"","sfsi_plus_gutenburg_max_per_row":"","footnotes":""},"categories":[16],"tags":[],"class_list":["post-150810","post","type-post","status-publish","format-standard","has-post-thumbnail","hentry","category-saude"],"_links":{"self":[{"href":"https:\/\/www.caririemacao.com\/1\/wp-json\/wp\/v2\/posts\/150810","targetHints":{"allow":["GET"]}}],"collection":[{"href":"https:\/\/www.caririemacao.com\/1\/wp-json\/wp\/v2\/posts"}],"about":[{"href":"https:\/\/www.caririemacao.com\/1\/wp-json\/wp\/v2\/types\/post"}],"author":[{"embeddable":true,"href":"https:\/\/www.caririemacao.com\/1\/wp-json\/wp\/v2\/users\/1"}],"replies":[{"embeddable":true,"href":"https:\/\/www.caririemacao.com\/1\/wp-json\/wp\/v2\/comments?post=150810"}],"version-history":[{"count":1,"href":"https:\/\/www.caririemacao.com\/1\/wp-json\/wp\/v2\/posts\/150810\/revisions"}],"predecessor-version":[{"id":150812,"href":"https:\/\/www.caririemacao.com\/1\/wp-json\/wp\/v2\/posts\/150810\/revisions\/150812"}],"wp:featuredmedia":[{"embeddable":true,"href":"https:\/\/www.caririemacao.com\/1\/wp-json\/wp\/v2\/media\/150811"}],"wp:attachment":[{"href":"https:\/\/www.caririemacao.com\/1\/wp-json\/wp\/v2\/media?parent=150810"}],"wp:term":[{"taxonomy":"category","embeddable":true,"href":"https:\/\/www.caririemacao.com\/1\/wp-json\/wp\/v2\/categories?post=150810"},{"taxonomy":"post_tag","embeddable":true,"href":"https:\/\/www.caririemacao.com\/1\/wp-json\/wp\/v2\/tags?post=150810"}],"curies":[{"name":"wp","href":"https:\/\/api.w.org\/{rel}","templated":true}]}}