{"id":150814,"date":"2020-02-01T09:01:30","date_gmt":"2020-02-01T12:01:30","guid":{"rendered":"http:\/\/www.caririemacao.com\/1\/?p=150814"},"modified":"2020-02-01T09:01:32","modified_gmt":"2020-02-01T12:01:32","slug":"conjur-mp-nao-apresenta-documentos-de-denuncia-contra-ex-governador-da-paraiba","status":"publish","type":"post","link":"https:\/\/www.caririemacao.com\/1\/2020\/02\/01\/conjur-mp-nao-apresenta-documentos-de-denuncia-contra-ex-governador-da-paraiba\/","title":{"rendered":"ConJur: MP n\u00e3o apresenta documentos de den\u00fancia contra ex-governador da Para\u00edba"},"content":{"rendered":"\n<p>A defesa do ex-governador da Para\u00edba Ricardo Vieira Coutinho enviou, nesta sexta-feira (31\/01), um pedido de documentos ao Tribunal de Justi\u00e7a do Estado da Para\u00edba a fim obter material documental citado pelo Minist\u00e9rio P\u00fablico do Estado na acusa\u00e7\u00e3o contra o pessebista.<\/p>\n\n\n\n<p>Coutinho foi&nbsp;preso&nbsp;em 19 de dezembro de 2019 ao desembarcar no aeroporto internacional de Natal. O pol\u00edtico \u00e9 apontado pelo MP-PB como chefe de uma quadrilha que desviava&nbsp;dinheiro p\u00fablico.<\/p>\n\n\n\n<p>O pol\u00edtico foi&nbsp;solto&nbsp;no \u00faltimo dia 23 de dezembro ap\u00f3s o ministro Napole\u00e3o Nunes Maia Filho, do Superior Tribunal de Justi\u00e7a, conceder um Habeas Corpus a seu favor.<\/p>\n\n\n\n<p>Na ocasi\u00e3o, o magistrado julgou que n\u00e3o foram julgados todos os requisitos necess\u00e1rios para decretar a pris\u00e3o preventiva de Coutinho.<\/p>\n\n\n\n<p>A pe\u00e7a assinada pelo advogado&nbsp;Rafael Carneiro&nbsp;aponta que, ao sustentar a acusa\u00e7\u00e3o de \u201corganiza\u00e7\u00e3o criminosa\u201d, o MP&nbsp;faz men\u00e7\u00e3o a uma enorme quantidade de provas documentais, mas deixou de juntar tais documentos aos autos do processo inviabilizando a abertura do prazo de defesa t\u00e9cnica.<\/p>\n\n\n\n<p>\u00c0&nbsp;ConJur,&nbsp;Carneiro afirma que a den\u00fancia se baseia em dela\u00e7\u00f5es e documentos que n\u00e3o foram juntados aos autos. \u201cAt\u00e9 de boa-f\u00e9 e buscando que o Judici\u00e1rio da Para\u00edba fa\u00e7a um controle melhor do processo fizemos essa manifesta\u00e7\u00e3o\u201d, diz.<\/p>\n\n\n\n<p>Para Carneiro, n\u00e3o ter acesso ao conte\u00fado probat\u00f3rio citado na denuncia \u00e9 s\u00f3 um dos problemas do processo. \u201cFoi decretada pris\u00e3o preventiva baseada em dela\u00e7\u00f5es. O caso \u00e9 claramente \u00e9 de compet\u00eancia do Justi\u00e7a Eleitoral e at\u00e9 agora o TJ-PB vem processando a demanda sendo incompetente para isso\u201d, explica o advogado.<\/p>\n\n\n\n<p>O documento cita a S\u00famula Vinculante 14 do Supremo Tribunal Federal, que garante aos denunciados amplo acesso aos meios de prova. Por fim, os advogados de Coutinho pedem a suspens\u00e3o do processo at\u00e9 que seja disponibilizado \u00e0 defesa a integra do material probat\u00f3rio.<\/p>\n\n\n\n<p>Para\u00edba j\u00e1 <\/p>\n","protected":false},"excerpt":{"rendered":"<p>A defesa do ex-governador da Para\u00edba Ricardo Vieira Coutinho enviou, nesta sexta-feira (31\/01), um pedido de documentos ao Tribunal de Justi\u00e7a do Estado da Para\u00edba&hellip; <\/p>\n","protected":false},"author":1,"featured_media":149054,"comment_status":"closed","ping_status":"closed","sticky":false,"template":"","format":"standard","meta":{"sfsi_plus_gutenberg_text_before_share":"","sfsi_plus_gutenberg_show_text_before_share":"","sfsi_plus_gutenberg_icon_type":"","sfsi_plus_gutenberg_icon_alignemt":"","sfsi_plus_gutenburg_max_per_row":"","footnotes":""},"categories":[11],"tags":[],"class_list":["post-150814","post","type-post","status-publish","format-standard","has-post-thumbnail","hentry","category-politica"],"_links":{"self":[{"href":"https:\/\/www.caririemacao.com\/1\/wp-json\/wp\/v2\/posts\/150814","targetHints":{"allow":["GET"]}}],"collection":[{"href":"https:\/\/www.caririemacao.com\/1\/wp-json\/wp\/v2\/posts"}],"about":[{"href":"https:\/\/www.caririemacao.com\/1\/wp-json\/wp\/v2\/types\/post"}],"author":[{"embeddable":true,"href":"https:\/\/www.caririemacao.com\/1\/wp-json\/wp\/v2\/users\/1"}],"replies":[{"embeddable":true,"href":"https:\/\/www.caririemacao.com\/1\/wp-json\/wp\/v2\/comments?post=150814"}],"version-history":[{"count":1,"href":"https:\/\/www.caririemacao.com\/1\/wp-json\/wp\/v2\/posts\/150814\/revisions"}],"predecessor-version":[{"id":150815,"href":"https:\/\/www.caririemacao.com\/1\/wp-json\/wp\/v2\/posts\/150814\/revisions\/150815"}],"wp:featuredmedia":[{"embeddable":true,"href":"https:\/\/www.caririemacao.com\/1\/wp-json\/wp\/v2\/media\/149054"}],"wp:attachment":[{"href":"https:\/\/www.caririemacao.com\/1\/wp-json\/wp\/v2\/media?parent=150814"}],"wp:term":[{"taxonomy":"category","embeddable":true,"href":"https:\/\/www.caririemacao.com\/1\/wp-json\/wp\/v2\/categories?post=150814"},{"taxonomy":"post_tag","embeddable":true,"href":"https:\/\/www.caririemacao.com\/1\/wp-json\/wp\/v2\/tags?post=150814"}],"curies":[{"name":"wp","href":"https:\/\/api.w.org\/{rel}","templated":true}]}}