{"id":150821,"date":"2020-02-01T09:08:44","date_gmt":"2020-02-01T12:08:44","guid":{"rendered":"http:\/\/www.caririemacao.com\/1\/?p=150821"},"modified":"2020-02-01T09:08:45","modified_gmt":"2020-02-01T12:08:45","slug":"pesquisa-da-ufpb-com-oleo-de-coco-virgem-contra-asma-e-destaque-internacional","status":"publish","type":"post","link":"https:\/\/www.caririemacao.com\/1\/2020\/02\/01\/pesquisa-da-ufpb-com-oleo-de-coco-virgem-contra-asma-e-destaque-internacional\/","title":{"rendered":"Pesquisa da UFPB com \u00f3leo de coco virgem contra asma \u00e9 destaque internacional"},"content":{"rendered":"\n<p> Pesquisa realizada no Programa de P\u00f3s-Gradua\u00e7\u00e3o em Produtos Naturais do Centro de Ci\u00eancias da Sa\u00fade da Universidade Federal da Para\u00edba (CCS\/UFPB) aponta o \u00f3leo de coco virgem como terapia complementar para prevenir ou reduzir crises asm\u00e1ticas. A pesquisa ganhou destaque internacional, com publica\u00e7\u00e3o pela revista de alto impacto e de acesso livre\u00a0<em>Oxidative Medicine and Cellular Longevity<\/em>\u00a0(Medicina Oxidativa e Longevidade Celular).<\/p>\n\n\n\n<p>O estudo \u00e9 a tese de doutorado do pesquisador Luiz Henrique C. Vasconcelos, hoje professor do Departamento de Fisiologia e Patologia (DFP\/CCS\/UFPB). O nome do artigo \u00e9 \u201cA suplementa\u00e7\u00e3o com \u00f3leo de coco virgem evita a hiperreatividade das vias a\u00e9reas de porquinhos da \u00cdndia com inflama\u00e7\u00e3o cr\u00f4nica do pulm\u00e3o al\u00e9rgico por mecanismo antioxidante\u201d.<\/p>\n\n\n\n<p>O objetivo da pesquisa foi avaliar uma poss\u00edvel atividade moduladora do \u00f3leo de coco virgem sobre os par\u00e2metros de contra\u00e7\u00e3o do m\u00fasculo liso das vias a\u00e9reas, inflama\u00e7\u00e3o pulmonar e estresse oxidativo, a fim de caracterizar seus efeitos no processo fisiopatol\u00f3gico da inflama\u00e7\u00e3o pulmonar al\u00e9rgica cr\u00f4nica.<\/p>\n\n\n\n<p>De acordo com Luiz Henrique C. Vasconcelos, em seu estudo \u00e9 demonstrado, pela primeira vez, que a suplementa\u00e7\u00e3o com \u00f3leo de coco virgem surge como promissora, tendo em vista seu potencial papel como alimento funcional, na terapia adjuvante da inflama\u00e7\u00e3o al\u00e9rgica pulmonar cr\u00f4nica, principalmente por suas a\u00e7\u00f5es sobre os processos inflamat\u00f3rios e oxidativos, processos das vias a\u00e9reas que caracterizam a asma.<\/p>\n\n\n\n<p>\u201cEssa publica\u00e7\u00e3o \u00e9 gratificante porque foi um trabalho \u00e1rduo, intenso, foram v\u00e1rios dias de experi\u00eancias, at\u00e9 altas horas da madrugada no laborat\u00f3rio\u201d, contou Luiz Henrique. Ele destacou a import\u00e2ncia das pesquisas realizadas pela UFPB e sua divulga\u00e7\u00e3o. \u201cO que \u00e9 feito na universidade tem o objetivo de gerar benef\u00edcio para a popula\u00e7\u00e3o, melhorar o quadro socioecon\u00f4mico da regi\u00e3o onde ela est\u00e1 inserida\u201d, disse o pesquisador, cuja pesquisa foi financiada pelo CNPq e teve incentivo da UFPB para a tradu\u00e7\u00e3o e publica\u00e7\u00e3o, e em torno de 5% do trabalho teve parceria com a Universidade de S\u00e3o Paulo (USP).<\/p>\n\n\n\n<p>A orientadora da pesquisa de Luiz Henrique foi a professora Bagn\u00f3lia Ara\u00fajo Costa, do Departamento de Ci\u00eancias Farmac\u00eauticas (DCFA\/UFPB). Ela lembra que o \u00f3leo de coco virgem \u00e9 um produto natural antigo, mas que \u201co segredo \u00e9 voc\u00ea colocar um olhar novo em cima de uma droga velha\u201d. Bagn\u00f3lia elenca tamb\u00e9m mais dois \u201csegredos\u201d importantes: os p\u00f3s-graduandos brilhantes e fazer o melhor poss\u00edvel com o que se tem, at\u00e9 que apare\u00e7am as condi\u00e7\u00f5es para melhorar.<\/p>\n\n\n\n<p>A orientadora ressaltou, ainda, que apesar das dificuldades pela falta de recursos e pelos cortes de or\u00e7amento, \u00e9 poss\u00edvel fazer pesquisa de qualidade na universidade p\u00fablica, com proatividade e boas ideias cient\u00edficas. \u201cToda essa pesquisa foi financiada com dinheiro p\u00fablico, dinheiro do povo brasileiro, atrav\u00e9s do CNPq. Sem ci\u00eancia, n\u00e3o h\u00e1 futuro para o Brasil\u201d, asseverou a professora.<\/p>\n\n\n\n<h3 class=\"wp-block-heading\"><strong>Trabalho pr\u00e9-cl\u00ednico<\/strong><\/h3>\n\n\n\n<p>O pesquisador Luiz Henrique explicou que seu estudo \u00e9 um trabalho pr\u00e9-cl\u00ednico, realizado com animais, nesse caso, porquinhos da \u00cdndia. \u201cTivemos um conjunto bom de resultados com rela\u00e7\u00e3o ao que n\u00f3s estudamos, em rela\u00e7\u00e3o \u00e0 asma. Em n\u00edvel pr\u00e9-cl\u00ednico foi um resultado muito bom, porque apresentou uma s\u00e9rie de efeitos bem interessantes, o principal \u00e9 que diminuiu a resposta exagerada do m\u00fasculo liso das vias a\u00e9reas, nesses animais\u201d, explicou Luiz Henrique.<\/p>\n\n\n\n<p>Diante desses resultados, ele defende o avan\u00e7o das pesquisas para a realiza\u00e7\u00e3o de estudos cl\u00ednicos. Segundo Luiz Henrique, na UFPB j\u00e1 existe um estudo cl\u00ednico em andamento, com \u00f3leo de coco, mas relacionado a hipertens\u00e3o.<\/p>\n\n\n\n<h3 class=\"wp-block-heading\"><strong>Escolha do \u00f3leo de coco<\/strong><\/h3>\n\n\n\n<p>O autor da tese disse que escolheu o \u00f3leo de coco pelo produto ter ganhado destaque no mercado e aumentado seu consumo por indica\u00e7\u00e3o de profissionais como nutricionistas, e tamb\u00e9m porque o \u00f3leo de coco j\u00e1 estava entrando na \u00e1rea da pesquisa relacionada com problemas de sa\u00fade.<\/p>\n\n\n\n<p>Entre as propriedades farmacol\u00f3gicas do \u00f3leo de coco virgem est\u00e3o o anti-inflamat\u00f3rio, o anti-hipertensivo para prevenir doen\u00e7as coron\u00e1rias e o cardioprotetor. \u201cAssim, devido \u00e0s suas a\u00e7\u00f5es no processo inflamat\u00f3rio, o \u00f3leo de coco \u00e9 um potencial candidato na terapia adjuvante de v\u00e1rias doen\u00e7as inflamat\u00f3rias cr\u00f4nicas, como a asma al\u00e9rgica\u201d, afirma o estudo.<\/p>\n\n\n\n<h3 class=\"wp-block-heading\"><strong>Asma<\/strong><\/h3>\n\n\n\n<p>A asma \u00e9 uma doen\u00e7a inflamat\u00f3ria cr\u00f4nica das vias a\u00e9reas, na qual muitas c\u00e9lulas inatas e adaptativas do sistema imunol\u00f3gico agem em conjunto com as c\u00e9lulas epiteliais para promover a hiperatividade br\u00f4nquica, caracterizada como a tend\u00eancia das c\u00e9lulas musculares lisas a reagirem exacerbadamente a est\u00edmulos inespec\u00edficos, como o ar frio e exerc\u00edcio, al\u00e9m de excesso de produ\u00e7\u00e3o de muco, remodela\u00e7\u00e3o da parede das vias a\u00e9reas e estreitamento do l\u00famen dessas vias condutoras. Em pacientes suscet\u00edveis, leva a dispn\u00e9ia e per\u00edodos repetidos de falta de ar, chiado no peito e aperto no peito.<\/p>\n\n\n\n<p>Apesar da grande diversidade de medicamentos para o tratamento desta doen\u00e7a, isso ainda \u00e9 feito de forma paliativa e \/ ou preventiva; portanto, novas abordagens terap\u00eauticas s\u00e3o necess\u00e1rias com o objetivo de limitar ou pelo menos tornar as crises agudas menos frequentes ou que potencializem os efeitos dos medicamentos atualmente dispon\u00edveis para o tratamento da asma e, assim, reduzam o desenvolvimento de ataques agudos.<\/p>\n\n\n\n<p>O estudo demonstrou um efeito preventivo da suplementa\u00e7\u00e3o com \u00f3leo de coco virgem sobre a hiperatividade das vias a\u00e9reas e os danos oxidativos promovidos pela inflama\u00e7\u00e3o al\u00e9rgica pulmonar cr\u00f4nica, um modelo que imita as altera\u00e7\u00f5es patol\u00f3gicas da asma. Essa preven\u00e7\u00e3o foi obtida aumentando as defesas antioxidantes pulmonares e comprometendo a via do \u00f3xido n\u00edtrico-peroxinitrito-isoprostanos.<\/p>\n\n\n\n<p><\/p>\n","protected":false},"excerpt":{"rendered":"<p>Pesquisa realizada no Programa de P\u00f3s-Gradua\u00e7\u00e3o em Produtos Naturais do Centro de Ci\u00eancias da Sa\u00fade da Universidade Federal da Para\u00edba (CCS\/UFPB) aponta o \u00f3leo de&hellip; <\/p>\n","protected":false},"author":1,"featured_media":150822,"comment_status":"closed","ping_status":"closed","sticky":false,"template":"","format":"standard","meta":{"sfsi_plus_gutenberg_text_before_share":"","sfsi_plus_gutenberg_show_text_before_share":"","sfsi_plus_gutenberg_icon_type":"","sfsi_plus_gutenberg_icon_alignemt":"","sfsi_plus_gutenburg_max_per_row":"","footnotes":""},"categories":[16],"tags":[],"class_list":["post-150821","post","type-post","status-publish","format-standard","has-post-thumbnail","hentry","category-saude"],"_links":{"self":[{"href":"https:\/\/www.caririemacao.com\/1\/wp-json\/wp\/v2\/posts\/150821","targetHints":{"allow":["GET"]}}],"collection":[{"href":"https:\/\/www.caririemacao.com\/1\/wp-json\/wp\/v2\/posts"}],"about":[{"href":"https:\/\/www.caririemacao.com\/1\/wp-json\/wp\/v2\/types\/post"}],"author":[{"embeddable":true,"href":"https:\/\/www.caririemacao.com\/1\/wp-json\/wp\/v2\/users\/1"}],"replies":[{"embeddable":true,"href":"https:\/\/www.caririemacao.com\/1\/wp-json\/wp\/v2\/comments?post=150821"}],"version-history":[{"count":1,"href":"https:\/\/www.caririemacao.com\/1\/wp-json\/wp\/v2\/posts\/150821\/revisions"}],"predecessor-version":[{"id":150823,"href":"https:\/\/www.caririemacao.com\/1\/wp-json\/wp\/v2\/posts\/150821\/revisions\/150823"}],"wp:featuredmedia":[{"embeddable":true,"href":"https:\/\/www.caririemacao.com\/1\/wp-json\/wp\/v2\/media\/150822"}],"wp:attachment":[{"href":"https:\/\/www.caririemacao.com\/1\/wp-json\/wp\/v2\/media?parent=150821"}],"wp:term":[{"taxonomy":"category","embeddable":true,"href":"https:\/\/www.caririemacao.com\/1\/wp-json\/wp\/v2\/categories?post=150821"},{"taxonomy":"post_tag","embeddable":true,"href":"https:\/\/www.caririemacao.com\/1\/wp-json\/wp\/v2\/tags?post=150821"}],"curies":[{"name":"wp","href":"https:\/\/api.w.org\/{rel}","templated":true}]}}