{"id":150829,"date":"2020-02-01T10:15:46","date_gmt":"2020-02-01T13:15:46","guid":{"rendered":"http:\/\/www.caririemacao.com\/1\/?p=150829"},"modified":"2020-02-01T10:15:47","modified_gmt":"2020-02-01T13:15:47","slug":"carreta-tomba-na-br-412-e-deixa-rodovia-parcialmente-interrompida","status":"publish","type":"post","link":"https:\/\/www.caririemacao.com\/1\/2020\/02\/01\/carreta-tomba-na-br-412-e-deixa-rodovia-parcialmente-interrompida\/","title":{"rendered":"Carreta tomba na BR-412 e deixa rodovia parcialmente interrompida"},"content":{"rendered":"\n<p>Um acidente foi registrado na manh\u00e3 deste s\u00e1bado, 01 de fevereiro, na BR-412, entre Santa Luzia do Cariri e Serra Branca, no Cariri da Para\u00edba.<\/p>\n\n\n\n<p>Uma carreta tombou na rodovia ap\u00f3s o motorista perder o controle do ve\u00edculo. A carreta estava carregada da fruta umbu e as pessoas que estavam no ve\u00edculo s\u00e3o pertencentes ao estado da Bahia.<\/p>\n\n\n\n<div class=\"wp-block-image\"><figure class=\"aligncenter\"><img decoding=\"async\" data-src=\"http:\/\/deolhonocariri.com.br\/wp-content\/uploads\/2020\/02\/83736390_2980217885361875_2191639828813053952_n.jpg\" alt=\"\" class=\"wp-image-77320 lazyload\" src=\"data:image\/svg+xml;base64,PHN2ZyB3aWR0aD0iMSIgaGVpZ2h0PSIxIiB4bWxucz0iaHR0cDovL3d3dy53My5vcmcvMjAwMC9zdmciPjwvc3ZnPg==\" \/><\/figure><\/div>\n\n\n\n<p>Apesar do susto, houve apenas danos materiais. Parte da BR-412 est\u00e1 interrompida e a PRF j\u00e1 foi acionada.<\/p>\n\n\n\n<p><strong>De Olho no Cariri<\/strong><\/p>\n","protected":false},"excerpt":{"rendered":"<p>Um acidente foi registrado na manh\u00e3 deste s\u00e1bado, 01 de fevereiro, na BR-412, entre Santa Luzia do Cariri e Serra Branca, no Cariri da Para\u00edba.&hellip; <\/p>\n","protected":false},"author":1,"featured_media":150838,"comment_status":"closed","ping_status":"closed","sticky":false,"template":"","format":"standard","meta":{"sfsi_plus_gutenberg_text_before_share":"","sfsi_plus_gutenberg_show_text_before_share":"","sfsi_plus_gutenberg_icon_type":"","sfsi_plus_gutenberg_icon_alignemt":"","sfsi_plus_gutenburg_max_per_row":"","footnotes":""},"categories":[50,12],"tags":[],"class_list":["post-150829","post","type-post","status-publish","format-standard","has-post-thumbnail","hentry","category-destaque","category-policia"],"_links":{"self":[{"href":"https:\/\/www.caririemacao.com\/1\/wp-json\/wp\/v2\/posts\/150829","targetHints":{"allow":["GET"]}}],"collection":[{"href":"https:\/\/www.caririemacao.com\/1\/wp-json\/wp\/v2\/posts"}],"about":[{"href":"https:\/\/www.caririemacao.com\/1\/wp-json\/wp\/v2\/types\/post"}],"author":[{"embeddable":true,"href":"https:\/\/www.caririemacao.com\/1\/wp-json\/wp\/v2\/users\/1"}],"replies":[{"embeddable":true,"href":"https:\/\/www.caririemacao.com\/1\/wp-json\/wp\/v2\/comments?post=150829"}],"version-history":[{"count":1,"href":"https:\/\/www.caririemacao.com\/1\/wp-json\/wp\/v2\/posts\/150829\/revisions"}],"predecessor-version":[{"id":150839,"href":"https:\/\/www.caririemacao.com\/1\/wp-json\/wp\/v2\/posts\/150829\/revisions\/150839"}],"wp:featuredmedia":[{"embeddable":true,"href":"https:\/\/www.caririemacao.com\/1\/wp-json\/wp\/v2\/media\/150838"}],"wp:attachment":[{"href":"https:\/\/www.caririemacao.com\/1\/wp-json\/wp\/v2\/media?parent=150829"}],"wp:term":[{"taxonomy":"category","embeddable":true,"href":"https:\/\/www.caririemacao.com\/1\/wp-json\/wp\/v2\/categories?post=150829"},{"taxonomy":"post_tag","embeddable":true,"href":"https:\/\/www.caririemacao.com\/1\/wp-json\/wp\/v2\/tags?post=150829"}],"curies":[{"name":"wp","href":"https:\/\/api.w.org\/{rel}","templated":true}]}}