{"id":150832,"date":"2020-02-01T10:11:00","date_gmt":"2020-02-01T13:11:00","guid":{"rendered":"http:\/\/www.caririemacao.com\/1\/?p=150832"},"modified":"2020-02-01T10:11:02","modified_gmt":"2020-02-01T13:11:02","slug":"prefeito-jefferson-da-cidade-de-sao-jose-dos-cordeiros-finaliza-ultimas-compras-para-o-plantio-de-2020","status":"publish","type":"post","link":"https:\/\/www.caririemacao.com\/1\/2020\/02\/01\/prefeito-jefferson-da-cidade-de-sao-jose-dos-cordeiros-finaliza-ultimas-compras-para-o-plantio-de-2020\/","title":{"rendered":"Prefeito Jefferson da cidade de S\u00e3o Jos\u00e9 dos Cordeiros finaliza \u00faltimas compras  para o plantio de 2020"},"content":{"rendered":"\n<p>O prefeito Jefferson Roberto da cidade de S\u00e3o Jos\u00e9 dos Cordeiros, finalizou na manh\u00e3 deste s\u00e1bado (01), as \u00faltimas compras para concluir a revis\u00e3o dos tratores que ser\u00e3o utilizados para o preparo do solo para o plantio desse ano. <\/p>\n\n\n\n<p>De acordo com o prefeito o valor estipulado de investimentos chega a mais de R$ 30.000,00 com recursos pr\u00f3prios que garantir\u00e3o o plantio de 2020.<\/p>\n\n\n\n<p>&#8220;Vamos ao trabalho e com f\u00e9 em Deus ser\u00e1 mais um ano de muito trabalho, realiza\u00e7\u00f5es e conquistas. E sempre fazendo o que est\u00e1 ao nosso alcance, nunca podemos fazer tudo mas estamos sempre em busas de cumprir nossas demadas. A popula\u00e7\u00e3o Cordeirense merece toda aten\u00e7\u00e3o e dedica\u00e7\u00e3o.&#8221; Afirmou o prefeito Jefferson Roberto em sua rede social. <\/p>\n","protected":false},"excerpt":{"rendered":"<p>O prefeito Jefferson Roberto da cidade de S\u00e3o Jos\u00e9 dos Cordeiros, finalizou na manh\u00e3 deste s\u00e1bado (01), as \u00faltimas compras para concluir a revis\u00e3o dos&hellip; <\/p>\n","protected":false},"author":2,"featured_media":150833,"comment_status":"closed","ping_status":"closed","sticky":false,"template":"","format":"standard","meta":{"sfsi_plus_gutenberg_text_before_share":"","sfsi_plus_gutenberg_show_text_before_share":"","sfsi_plus_gutenberg_icon_type":"","sfsi_plus_gutenberg_icon_alignemt":"","sfsi_plus_gutenburg_max_per_row":"","footnotes":""},"categories":[50,11],"tags":[],"class_list":["post-150832","post","type-post","status-publish","format-standard","has-post-thumbnail","hentry","category-destaque","category-politica"],"_links":{"self":[{"href":"https:\/\/www.caririemacao.com\/1\/wp-json\/wp\/v2\/posts\/150832","targetHints":{"allow":["GET"]}}],"collection":[{"href":"https:\/\/www.caririemacao.com\/1\/wp-json\/wp\/v2\/posts"}],"about":[{"href":"https:\/\/www.caririemacao.com\/1\/wp-json\/wp\/v2\/types\/post"}],"author":[{"embeddable":true,"href":"https:\/\/www.caririemacao.com\/1\/wp-json\/wp\/v2\/users\/2"}],"replies":[{"embeddable":true,"href":"https:\/\/www.caririemacao.com\/1\/wp-json\/wp\/v2\/comments?post=150832"}],"version-history":[{"count":1,"href":"https:\/\/www.caririemacao.com\/1\/wp-json\/wp\/v2\/posts\/150832\/revisions"}],"predecessor-version":[{"id":150834,"href":"https:\/\/www.caririemacao.com\/1\/wp-json\/wp\/v2\/posts\/150832\/revisions\/150834"}],"wp:featuredmedia":[{"embeddable":true,"href":"https:\/\/www.caririemacao.com\/1\/wp-json\/wp\/v2\/media\/150833"}],"wp:attachment":[{"href":"https:\/\/www.caririemacao.com\/1\/wp-json\/wp\/v2\/media?parent=150832"}],"wp:term":[{"taxonomy":"category","embeddable":true,"href":"https:\/\/www.caririemacao.com\/1\/wp-json\/wp\/v2\/categories?post=150832"},{"taxonomy":"post_tag","embeddable":true,"href":"https:\/\/www.caririemacao.com\/1\/wp-json\/wp\/v2\/tags?post=150832"}],"curies":[{"name":"wp","href":"https:\/\/api.w.org\/{rel}","templated":true}]}}