{"id":150842,"date":"2020-02-01T10:25:33","date_gmt":"2020-02-01T13:25:33","guid":{"rendered":"http:\/\/www.caririemacao.com\/1\/?p=150842"},"modified":"2020-02-01T10:25:34","modified_gmt":"2020-02-01T13:25:34","slug":"defesa-de-ricardo-pede-anulacao-de-denuncia-contra-desvio-de-r-134-milhoes","status":"publish","type":"post","link":"https:\/\/www.caririemacao.com\/1\/2020\/02\/01\/defesa-de-ricardo-pede-anulacao-de-denuncia-contra-desvio-de-r-134-milhoes\/","title":{"rendered":"Defesa de Ricardo pede anula\u00e7\u00e3o de den\u00fancia contra desvio de R$ 134 milh\u00f5es"},"content":{"rendered":"\n<p>A defesa do ex-governador Ricardo Coutinho (PSB) pediu ao relator da Opera\u00e7\u00e3o Calv\u00e1rio, desembargador Ricardo Vital de Almeida, do Tribunal de Justi\u00e7a da Para\u00edba (TJ-PB), a anula\u00e7\u00e3o do processo contra o socialista por chefiar a organiza\u00e7\u00e3o criminosa que teria desviado pelo menos R$ 134 milh\u00f5es do estado atrav\u00e9s de contratos com organiza\u00e7\u00f5es sociais na Sa\u00fade e Educa\u00e7\u00e3o.<\/p>\n\n\n\n<p>A defesa alega que \u201ca acusa\u00e7\u00e3o deixou de fornecer e de juntar aos presentes autos documentos que foram mencionados expressamente na den\u00fancia, o que inviabiliza a abertura de prazo para defesa t\u00e9cnica, enquanto n\u00e3o sanada essa irregularidade\u201d.<\/p>\n\n\n\n<p>A pe\u00e7a enfatiza que o \u201cSupremo Tribunal Federal garante aos denunciados amplo acesso aos meios de prova, sendo imprescind\u00edvel, portanto, que se juntem aos autos todos os documentos reunidos e utilizados pelo MP antes que seja oportunizada a realiza\u00e7\u00e3o de defesa t\u00e9cnica pelos acusados.\u201d, assinala.<\/p>\n\n\n\n<p>O pedido do ex-governador \u00e9 para que o processo seja suspenso at\u00e9 que a defesa tenha a integra do material probat\u00f3rio mencionado na den\u00fancia.<\/p>\n\n\n\n<p>Coutinho foi preso no dia 19 de dezembro do ano passado na s\u00e9tima fase da Opera\u00e7\u00e3o Calv\u00e1rio, mas acabou solto dois dias depois, atrav\u00e9s de um habeas corpus concedido pelo ministro Napole\u00e3o Maia, do Superior Tribunal de Justi\u00e7a.<\/p>\n\n\n\n<p><em>Mais PB<\/em><\/p>\n","protected":false},"excerpt":{"rendered":"<p>A defesa do ex-governador Ricardo Coutinho (PSB) pediu ao relator da Opera\u00e7\u00e3o Calv\u00e1rio, desembargador Ricardo Vital de Almeida, do Tribunal de Justi\u00e7a da Para\u00edba (TJ-PB),&hellip; <\/p>\n","protected":false},"author":1,"featured_media":52291,"comment_status":"closed","ping_status":"closed","sticky":false,"template":"","format":"standard","meta":{"sfsi_plus_gutenberg_text_before_share":"","sfsi_plus_gutenberg_show_text_before_share":"","sfsi_plus_gutenberg_icon_type":"","sfsi_plus_gutenberg_icon_alignemt":"","sfsi_plus_gutenburg_max_per_row":"","footnotes":""},"categories":[11],"tags":[],"class_list":["post-150842","post","type-post","status-publish","format-standard","has-post-thumbnail","hentry","category-politica"],"_links":{"self":[{"href":"https:\/\/www.caririemacao.com\/1\/wp-json\/wp\/v2\/posts\/150842","targetHints":{"allow":["GET"]}}],"collection":[{"href":"https:\/\/www.caririemacao.com\/1\/wp-json\/wp\/v2\/posts"}],"about":[{"href":"https:\/\/www.caririemacao.com\/1\/wp-json\/wp\/v2\/types\/post"}],"author":[{"embeddable":true,"href":"https:\/\/www.caririemacao.com\/1\/wp-json\/wp\/v2\/users\/1"}],"replies":[{"embeddable":true,"href":"https:\/\/www.caririemacao.com\/1\/wp-json\/wp\/v2\/comments?post=150842"}],"version-history":[{"count":1,"href":"https:\/\/www.caririemacao.com\/1\/wp-json\/wp\/v2\/posts\/150842\/revisions"}],"predecessor-version":[{"id":150843,"href":"https:\/\/www.caririemacao.com\/1\/wp-json\/wp\/v2\/posts\/150842\/revisions\/150843"}],"wp:featuredmedia":[{"embeddable":true,"href":"https:\/\/www.caririemacao.com\/1\/wp-json\/wp\/v2\/media\/52291"}],"wp:attachment":[{"href":"https:\/\/www.caririemacao.com\/1\/wp-json\/wp\/v2\/media?parent=150842"}],"wp:term":[{"taxonomy":"category","embeddable":true,"href":"https:\/\/www.caririemacao.com\/1\/wp-json\/wp\/v2\/categories?post=150842"},{"taxonomy":"post_tag","embeddable":true,"href":"https:\/\/www.caririemacao.com\/1\/wp-json\/wp\/v2\/tags?post=150842"}],"curies":[{"name":"wp","href":"https:\/\/api.w.org\/{rel}","templated":true}]}}