{"id":150849,"date":"2020-02-01T10:28:25","date_gmt":"2020-02-01T13:28:25","guid":{"rendered":"http:\/\/www.caririemacao.com\/1\/?p=150849"},"modified":"2020-02-01T10:28:27","modified_gmt":"2020-02-01T13:28:27","slug":"inscricoes-para-o-prouni-terminam-neste-sabado","status":"publish","type":"post","link":"https:\/\/www.caririemacao.com\/1\/2020\/02\/01\/inscricoes-para-o-prouni-terminam-neste-sabado\/","title":{"rendered":"Inscri\u00e7\u00f5es para o Prouni terminam neste s\u00e1bado"},"content":{"rendered":"\n<p>Terminam neste&nbsp;s\u00e1bado&nbsp;(1\u00ba) as inscri\u00e7\u00f5es para o Programa Universidade&nbsp;para Todos (Prouni). Estudantes de todo o pa\u00eds t\u00eam at\u00e9 as 23h59&nbsp;garantir sua inscri\u00e7\u00e3o. Neste semestre, ser\u00e3o oferecidas 251.139&nbsp;bolsas.<\/p>\n\n\n\n<p>O ProUni oferta bolsas de estudo integrais (100%) ou de 50% a estudantes de cursos de gradua\u00e7\u00e3o e de cursos sequenciais de forma\u00e7\u00e3o espec\u00edfica, em institui\u00e7\u00f5es privadas de educa\u00e7\u00e3o superior. O programa tem dois crit\u00e9rios de avalia\u00e7\u00e3o: desempenho no Exame Nacional do Ensino M\u00e9dio (Enem) e renda.<\/p>\n\n\n\n<p>O programa \u00e9 voltado para estudantes egressos do ensino m\u00e9dio da rede p\u00fablica ou da rede particular na condi\u00e7\u00e3o de bolsistas integrais. A&nbsp;iniciativa tem sistema informatizado e impessoal para garantir transpar\u00eancia e seguran\u00e7a no processo.<\/p>\n\n\n\n<h2 class=\"wp-block-heading\">Regras<\/h2>\n\n\n\n<p>Para concorrer \u00e0s bolsas integrais, o estudante deve comprovar renda&nbsp;familiar bruta mensal, por pessoa, de at\u00e9 um sal\u00e1rio m\u00ednimo e meio.&nbsp;Para as bolsas parciais (50%), a renda familiar bruta mensal deve ser de at\u00e9 tr\u00eas sal\u00e1rios m\u00ednimos por pessoa.<\/p>\n\n\n\n<p>Podem se inscrever no Prouni o estudante que n\u00e3o tenha diploma de curso superior e que tenha participado do Enem mais recente com, no m\u00ednimo, 450 pontos de m\u00e9dia das notas. Al\u00e9m disso, o estudante n\u00e3o pode&nbsp;ter&nbsp;tirado zero na reda\u00e7\u00e3o.<\/p>\n\n\n\n<p><strong>Ag\u00eancia Brasil&nbsp;<\/strong><\/p>\n","protected":false},"excerpt":{"rendered":"<p>Terminam neste&nbsp;s\u00e1bado&nbsp;(1\u00ba) as inscri\u00e7\u00f5es para o Programa Universidade&nbsp;para Todos (Prouni). Estudantes de todo o pa\u00eds t\u00eam at\u00e9 as 23h59&nbsp;garantir sua inscri\u00e7\u00e3o. Neste semestre, ser\u00e3o oferecidas&hellip; <\/p>\n","protected":false},"author":1,"featured_media":59541,"comment_status":"closed","ping_status":"closed","sticky":false,"template":"","format":"standard","meta":{"sfsi_plus_gutenberg_text_before_share":"","sfsi_plus_gutenberg_show_text_before_share":"","sfsi_plus_gutenberg_icon_type":"","sfsi_plus_gutenberg_icon_alignemt":"","sfsi_plus_gutenburg_max_per_row":"","footnotes":""},"categories":[14],"tags":[],"class_list":["post-150849","post","type-post","status-publish","format-standard","has-post-thumbnail","hentry","category-educacao"],"_links":{"self":[{"href":"https:\/\/www.caririemacao.com\/1\/wp-json\/wp\/v2\/posts\/150849","targetHints":{"allow":["GET"]}}],"collection":[{"href":"https:\/\/www.caririemacao.com\/1\/wp-json\/wp\/v2\/posts"}],"about":[{"href":"https:\/\/www.caririemacao.com\/1\/wp-json\/wp\/v2\/types\/post"}],"author":[{"embeddable":true,"href":"https:\/\/www.caririemacao.com\/1\/wp-json\/wp\/v2\/users\/1"}],"replies":[{"embeddable":true,"href":"https:\/\/www.caririemacao.com\/1\/wp-json\/wp\/v2\/comments?post=150849"}],"version-history":[{"count":1,"href":"https:\/\/www.caririemacao.com\/1\/wp-json\/wp\/v2\/posts\/150849\/revisions"}],"predecessor-version":[{"id":150850,"href":"https:\/\/www.caririemacao.com\/1\/wp-json\/wp\/v2\/posts\/150849\/revisions\/150850"}],"wp:featuredmedia":[{"embeddable":true,"href":"https:\/\/www.caririemacao.com\/1\/wp-json\/wp\/v2\/media\/59541"}],"wp:attachment":[{"href":"https:\/\/www.caririemacao.com\/1\/wp-json\/wp\/v2\/media?parent=150849"}],"wp:term":[{"taxonomy":"category","embeddable":true,"href":"https:\/\/www.caririemacao.com\/1\/wp-json\/wp\/v2\/categories?post=150849"},{"taxonomy":"post_tag","embeddable":true,"href":"https:\/\/www.caririemacao.com\/1\/wp-json\/wp\/v2\/tags?post=150849"}],"curies":[{"name":"wp","href":"https:\/\/api.w.org\/{rel}","templated":true}]}}