{"id":150855,"date":"2020-02-01T10:33:18","date_gmt":"2020-02-01T13:33:18","guid":{"rendered":"http:\/\/www.caririemacao.com\/1\/?p=150855"},"modified":"2020-02-01T10:33:21","modified_gmt":"2020-02-01T13:33:21","slug":"muita-chuva-no-interior-da-paraiba-veja-imagens-e-a-intensidade-em-algumas-cidades","status":"publish","type":"post","link":"https:\/\/www.caririemacao.com\/1\/2020\/02\/01\/muita-chuva-no-interior-da-paraiba-veja-imagens-e-a-intensidade-em-algumas-cidades\/","title":{"rendered":"Muita chuva no interior da Para\u00edba. Veja imagens e a intensidade em algumas cidades"},"content":{"rendered":"\n<p>Desde o final da tarde desta sexta-feira que ocorrem intensas chuvas nas regi\u00f5es do Cariri e do Sert\u00e3o da Para\u00edba, o que propicia uma alegria desmedida aos nativos.<\/p>\n\n\n\n<p>No caso da regi\u00e3o caririzeira, parte dessas \u00e1guas segue pelos rios Tapero\u00e1 e Para\u00edba rumo ao a\u00e7ude de Boqueir\u00e3o.<\/p>\n\n\n\n<p>De acordo com informa\u00e7\u00f5es extraoficiais, eis alguns dos volumes pluviom\u00e9tricos registrados nas ultimas horas.<\/p>\n\n\n\n<p>Livramento \u2013 85.1 mil\u00edmetros<\/p>\n\n\n\n<p>M\u00e3e D\u00b4\u00c1gua \u2013 76 mm<\/p>\n\n\n\n<p>Cajazeiras \u2013 40.2 mm<\/p>\n\n\n\n<p>\u00c1gua Branca \u2013 70 mm<\/p>\n\n\n\n<p>S\u00e3o Domingos \u2013 32.1<\/p>\n\n\n\n<p>Vista Serrana \u2013 33 mm<\/p>\n\n\n\n<p>Aguiar \u2013 53 mm<\/p>\n\n\n\n<p>Serra Grande \u2013 52.5 mm<\/p>\n\n\n\n<p>S\u00e3o Jo\u00e3o do Cariri \u2013 96.5 mm<\/p>\n\n\n\n<p>Emas \u2013 125.5 mm<\/p>\n\n\n\n<p>Ouro Velho \u2013 61.2 mm<\/p>\n\n\n\n<p>Cacimbas \u2013 114.5 mm<\/p>\n\n\n\n<p>Amparo \u2013 50,2 mm<\/p>\n\n\n\n<figure><iframe data-src=\"https:\/\/www.youtube.com\/embed\/9Kg1CZ9Q6Lw?feature=oembed\" allowfullscreen=\"\" src=\"data:image\/svg+xml;base64,PHN2ZyB3aWR0aD0iMSIgaGVpZ2h0PSIxIiB4bWxucz0iaHR0cDovL3d3dy53My5vcmcvMjAwMC9zdmciPjwvc3ZnPg==\" class=\"lazyload\" data-load-mode=\"1\"><\/iframe><\/figure>\n\n\n\n<figure><iframe data-src=\"https:\/\/www.youtube.com\/embed\/VQdvI63wmBI?feature=oembed\" allowfullscreen=\"\" src=\"data:image\/svg+xml;base64,PHN2ZyB3aWR0aD0iMSIgaGVpZ2h0PSIxIiB4bWxucz0iaHR0cDovL3d3dy53My5vcmcvMjAwMC9zdmciPjwvc3ZnPg==\" class=\"lazyload\" data-load-mode=\"1\"><\/iframe><\/figure>\n","protected":false},"excerpt":{"rendered":"<p>Desde o final da tarde desta sexta-feira que ocorrem intensas chuvas nas regi\u00f5es do Cariri e do Sert\u00e3o da Para\u00edba, o que propicia uma alegria&hellip; <\/p>\n","protected":false},"author":1,"featured_media":84405,"comment_status":"closed","ping_status":"closed","sticky":false,"template":"","format":"standard","meta":{"sfsi_plus_gutenberg_text_before_share":"","sfsi_plus_gutenberg_show_text_before_share":"","sfsi_plus_gutenberg_icon_type":"","sfsi_plus_gutenberg_icon_alignemt":"","sfsi_plus_gutenburg_max_per_row":"","footnotes":""},"categories":[6,50],"tags":[],"class_list":["post-150855","post","type-post","status-publish","format-standard","has-post-thumbnail","hentry","category-cidades","category-destaque"],"_links":{"self":[{"href":"https:\/\/www.caririemacao.com\/1\/wp-json\/wp\/v2\/posts\/150855","targetHints":{"allow":["GET"]}}],"collection":[{"href":"https:\/\/www.caririemacao.com\/1\/wp-json\/wp\/v2\/posts"}],"about":[{"href":"https:\/\/www.caririemacao.com\/1\/wp-json\/wp\/v2\/types\/post"}],"author":[{"embeddable":true,"href":"https:\/\/www.caririemacao.com\/1\/wp-json\/wp\/v2\/users\/1"}],"replies":[{"embeddable":true,"href":"https:\/\/www.caririemacao.com\/1\/wp-json\/wp\/v2\/comments?post=150855"}],"version-history":[{"count":1,"href":"https:\/\/www.caririemacao.com\/1\/wp-json\/wp\/v2\/posts\/150855\/revisions"}],"predecessor-version":[{"id":150856,"href":"https:\/\/www.caririemacao.com\/1\/wp-json\/wp\/v2\/posts\/150855\/revisions\/150856"}],"wp:featuredmedia":[{"embeddable":true,"href":"https:\/\/www.caririemacao.com\/1\/wp-json\/wp\/v2\/media\/84405"}],"wp:attachment":[{"href":"https:\/\/www.caririemacao.com\/1\/wp-json\/wp\/v2\/media?parent=150855"}],"wp:term":[{"taxonomy":"category","embeddable":true,"href":"https:\/\/www.caririemacao.com\/1\/wp-json\/wp\/v2\/categories?post=150855"},{"taxonomy":"post_tag","embeddable":true,"href":"https:\/\/www.caririemacao.com\/1\/wp-json\/wp\/v2\/tags?post=150855"}],"curies":[{"name":"wp","href":"https:\/\/api.w.org\/{rel}","templated":true}]}}