{"id":150864,"date":"2020-02-01T12:00:40","date_gmt":"2020-02-01T15:00:40","guid":{"rendered":"http:\/\/www.caririemacao.com\/1\/?p=150864"},"modified":"2020-02-01T12:00:42","modified_gmt":"2020-02-01T15:00:42","slug":"dr-junior-anuncia-reajuste-de-15-de-aumento-salarial-para-os-professores-de-ouro-velho","status":"publish","type":"post","link":"https:\/\/www.caririemacao.com\/1\/2020\/02\/01\/dr-junior-anuncia-reajuste-de-15-de-aumento-salarial-para-os-professores-de-ouro-velho\/","title":{"rendered":"Dr. J\u00fanior anuncia reajuste de 15% de aumento salarial para os professores de Ouro Velho"},"content":{"rendered":"\n<p>O m\u00e9dico e l\u00edder pol\u00edtico Dr. J\u00fanior, esposo da prefeita Nat\u00e1lia, informou que a prefeita j\u00e1 autorizou o reajuste de 15% dos professores da rede municipal de ensino de Ouro Velho.<\/p>\n\n\n\n<p>Segundo ele valor est\u00e1 acima dado pelo governo federal que \u00e9 de 12,8%. &#8220;Parab\u00e9ns a nossa Prefeita Nat\u00e1lia por esse incentivo , pois antes os professores n\u00e3o recebiam o piso salarial e hoje v\u00e3o receber acima do piso . Bom lembrar que quando recebiam os sal\u00e1rios eram sempre atrasados e sem o piso salarial . Hoje vivemos um novo Ouro velho , AVANTE!!!&#8221;, comentou.<\/p>\n","protected":false},"excerpt":{"rendered":"<p>O m\u00e9dico e l\u00edder pol\u00edtico Dr. J\u00fanior, esposo da prefeita Nat\u00e1lia, informou que a prefeita j\u00e1 autorizou o reajuste de 15% dos professores da rede&hellip; <\/p>\n","protected":false},"author":2,"featured_media":150867,"comment_status":"closed","ping_status":"closed","sticky":false,"template":"","format":"standard","meta":{"sfsi_plus_gutenberg_text_before_share":"","sfsi_plus_gutenberg_show_text_before_share":"","sfsi_plus_gutenberg_icon_type":"","sfsi_plus_gutenberg_icon_alignemt":"","sfsi_plus_gutenburg_max_per_row":"","footnotes":""},"categories":[50,11],"tags":[],"class_list":["post-150864","post","type-post","status-publish","format-standard","has-post-thumbnail","hentry","category-destaque","category-politica"],"_links":{"self":[{"href":"https:\/\/www.caririemacao.com\/1\/wp-json\/wp\/v2\/posts\/150864","targetHints":{"allow":["GET"]}}],"collection":[{"href":"https:\/\/www.caririemacao.com\/1\/wp-json\/wp\/v2\/posts"}],"about":[{"href":"https:\/\/www.caririemacao.com\/1\/wp-json\/wp\/v2\/types\/post"}],"author":[{"embeddable":true,"href":"https:\/\/www.caririemacao.com\/1\/wp-json\/wp\/v2\/users\/2"}],"replies":[{"embeddable":true,"href":"https:\/\/www.caririemacao.com\/1\/wp-json\/wp\/v2\/comments?post=150864"}],"version-history":[{"count":1,"href":"https:\/\/www.caririemacao.com\/1\/wp-json\/wp\/v2\/posts\/150864\/revisions"}],"predecessor-version":[{"id":150866,"href":"https:\/\/www.caririemacao.com\/1\/wp-json\/wp\/v2\/posts\/150864\/revisions\/150866"}],"wp:featuredmedia":[{"embeddable":true,"href":"https:\/\/www.caririemacao.com\/1\/wp-json\/wp\/v2\/media\/150867"}],"wp:attachment":[{"href":"https:\/\/www.caririemacao.com\/1\/wp-json\/wp\/v2\/media?parent=150864"}],"wp:term":[{"taxonomy":"category","embeddable":true,"href":"https:\/\/www.caririemacao.com\/1\/wp-json\/wp\/v2\/categories?post=150864"},{"taxonomy":"post_tag","embeddable":true,"href":"https:\/\/www.caririemacao.com\/1\/wp-json\/wp\/v2\/tags?post=150864"}],"curies":[{"name":"wp","href":"https:\/\/api.w.org\/{rel}","templated":true}]}}