{"id":150869,"date":"2020-02-01T12:13:08","date_gmt":"2020-02-01T15:13:08","guid":{"rendered":"http:\/\/www.caririemacao.com\/1\/?p=150869"},"modified":"2020-02-01T12:15:31","modified_gmt":"2020-02-01T15:15:31","slug":"ouro-velho-moradores-receberao-doacao-de-bandejas-de-ovos-na-proxima-terca-feira","status":"publish","type":"post","link":"https:\/\/www.caririemacao.com\/1\/2020\/02\/01\/ouro-velho-moradores-receberao-doacao-de-bandejas-de-ovos-na-proxima-terca-feira\/","title":{"rendered":"Ouro Velho: moradores receber\u00e3o  doa\u00e7\u00e3o de bandejas de ovos na pr\u00f3xima ter\u00e7a-feira"},"content":{"rendered":"\n<p>O m\u00e9dico e l\u00edder pol\u00edtico Dr. J\u00fanior, esposo da prefeita Nat\u00e1lia, informou que na pr\u00f3xima ter\u00e7a-feira dia (04), a partir das 17:00h ser\u00e3o doadas bandejas de ovos para  os moradores da cidade de Outro Velho. <\/p>\n\n\n\n<p>Os moradores que desejarem receber as bandejas de ovos, devem fazer o cadastro na secretaria de assist\u00eancia social.<br> As bandejas ser\u00e3o entregues em frente \u00e0 prefeitura da cidade de Ouro Velho<\/p>\n","protected":false},"excerpt":{"rendered":"<p>O m\u00e9dico e l\u00edder pol\u00edtico Dr. J\u00fanior, esposo da prefeita Nat\u00e1lia, informou que na pr\u00f3xima ter\u00e7a-feira dia (04), a partir das 17:00h ser\u00e3o doadas bandejas&hellip; <\/p>\n","protected":false},"author":2,"featured_media":150865,"comment_status":"closed","ping_status":"closed","sticky":false,"template":"","format":"standard","meta":{"sfsi_plus_gutenberg_text_before_share":"","sfsi_plus_gutenberg_show_text_before_share":"","sfsi_plus_gutenberg_icon_type":"","sfsi_plus_gutenberg_icon_alignemt":"","sfsi_plus_gutenburg_max_per_row":"","footnotes":""},"categories":[50,11],"tags":[],"class_list":["post-150869","post","type-post","status-publish","format-standard","has-post-thumbnail","hentry","category-destaque","category-politica"],"_links":{"self":[{"href":"https:\/\/www.caririemacao.com\/1\/wp-json\/wp\/v2\/posts\/150869","targetHints":{"allow":["GET"]}}],"collection":[{"href":"https:\/\/www.caririemacao.com\/1\/wp-json\/wp\/v2\/posts"}],"about":[{"href":"https:\/\/www.caririemacao.com\/1\/wp-json\/wp\/v2\/types\/post"}],"author":[{"embeddable":true,"href":"https:\/\/www.caririemacao.com\/1\/wp-json\/wp\/v2\/users\/2"}],"replies":[{"embeddable":true,"href":"https:\/\/www.caririemacao.com\/1\/wp-json\/wp\/v2\/comments?post=150869"}],"version-history":[{"count":4,"href":"https:\/\/www.caririemacao.com\/1\/wp-json\/wp\/v2\/posts\/150869\/revisions"}],"predecessor-version":[{"id":150875,"href":"https:\/\/www.caririemacao.com\/1\/wp-json\/wp\/v2\/posts\/150869\/revisions\/150875"}],"wp:featuredmedia":[{"embeddable":true,"href":"https:\/\/www.caririemacao.com\/1\/wp-json\/wp\/v2\/media\/150865"}],"wp:attachment":[{"href":"https:\/\/www.caririemacao.com\/1\/wp-json\/wp\/v2\/media?parent=150869"}],"wp:term":[{"taxonomy":"category","embeddable":true,"href":"https:\/\/www.caririemacao.com\/1\/wp-json\/wp\/v2\/categories?post=150869"},{"taxonomy":"post_tag","embeddable":true,"href":"https:\/\/www.caririemacao.com\/1\/wp-json\/wp\/v2\/tags?post=150869"}],"curies":[{"name":"wp","href":"https:\/\/api.w.org\/{rel}","templated":true}]}}